{"id":345,"date":"2024-03-30T12:36:12","date_gmt":"2024-03-30T11:36:12","guid":{"rendered":"https:\/\/marcillylesbuxy.info\/?p=345"},"modified":"2024-11-30T12:38:05","modified_gmt":"2024-11-30T11:38:05","slug":"les-comptes-rendus-de-seance-publies-plus-rapidement","status":"publish","type":"post","link":"https:\/\/marcillylesbuxy.info\/index.php\/2024\/03\/30\/les-comptes-rendus-de-seance-publies-plus-rapidement\/","title":{"rendered":"Les\u00a0 comptes-rendus de s\u00e9ance publi\u00e9s plus rapidement?\u00a0"},"content":{"rendered":"\n<p class=\"has-text-align-center has-large-font-size\" id=\"haut\"><a href=\"#entretien\">Cliquez ici pour lire la r\u00e9ponse du maire lors de l&rsquo;entretien du 31 octobre 2024, ainsi que nos commentaires<\/a><\/p>\n\n\n\n<p class=\"has-large-font-size\" id=\"haut\"><strong>&nbsp;<\/strong>Il est tr\u00e8s difficile actuellement de comprendre les d\u00e9lib\u00e9rations et &nbsp;Proc\u00e8s Verbaux (P.V.) du conseil municipal.  Pourquoi?&nbsp;<\/p>\n\n\n\n<p><strong>Si la liste des d\u00e9lib\u00e9rations est publi\u00e9e dans la semaine qui suit le conseil municipal, le PV, qui explicite les d\u00e9lib\u00e9rations, n\u2019est publi\u00e9 que dans la semaine qui suit le conseil municipal suivant ! Par cons\u00e9quent, si deux conseils sont espac\u00e9s de 5 semaines, l\u2019explication des d\u00e9lib\u00e9rations ne sera publi\u00e9e que 6 semaines plus tard ! L\u2019affichage des d\u00e9lib\u00e9rations et des PV paraissent donc d\u00e9connect\u00e9s et sont tr\u00e8s compliqu\u00e9s \u00e0 suivre !&nbsp;<\/strong><\/p>\n\n\n\n<p class=\"has-text-align-center\"><img loading=\"lazy\" decoding=\"async\" src=\"https:\/\/lh7-us.googleusercontent.com\/2-q8wyESP8Ku2T-3bWspoRi2tG9VDC772m954bgQXL1vdQvcxhRS3JL8ZxtNxf5KBFzOoYt4z2a6OxkkAx55iekc7pzn7UG4nzzJf1TQd3i-O7G-c5p2BiX2Lb8a9qy0sWipcN-ZYhgiPaIJ3pVTBcI\" width=\"78\" height=\"88\"><\/p>\n\n\n\n<p class=\"has-text-align-center has-larger-font-size\"><strong>Nos questions \u00e0 la mairie<\/strong><\/p>\n\n\n\n<p class=\"has-larger-font-size\">Afin que les habitants puissent \u00eatre inform\u00e9s correctement, le conseil municipal peut-il :&nbsp;<\/p>\n\n\n\n<ul class=\"wp-block-list has-larger-font-size\">\n<li>soit donner un r\u00e9sum\u00e9 ou une explication des points importants dans la liste de d\u00e9lib\u00e9rations elle-m\u00eame, comme l\u2019article L. 2121-25 modifi\u00e9 du CGCT le sugg\u00e8re.<\/li>\n<\/ul>\n\n\n\n<ul class=\"wp-block-list has-larger-font-size\">\n<li><strong>soit qu\u2019un&nbsp; compte-rendu de s\u00e9ance provisoire soit publi\u00e9 en m\u00eame temps que la liste des d\u00e9lib\u00e9rations? (le PV d\u00e9finitif \u00e9tant valid\u00e9 lors du conseil municipal suivant conform\u00e9ment \u00e0 la loi).<\/strong><\/li>\n<\/ul>\n\n\n<div class=\"wp-block-image\">\n<figure class=\"aligncenter size-full is-resized\"><img loading=\"lazy\" decoding=\"async\" width=\"833\" height=\"1024\" src=\"https:\/\/marcillylesbuxy.info\/wp-content\/uploads\/2024\/04\/image-1.jpeg\" alt=\"L\u2019attribut alt de cette image est vide, son nom de fichier est logo-courrier-833x1024.jpg.\" class=\"wp-image-482\" style=\"width:81px;height:auto\" srcset=\"https:\/\/marcillylesbuxy.info\/wp-content\/uploads\/2024\/04\/image-1.jpeg 833w, https:\/\/marcillylesbuxy.info\/wp-content\/uploads\/2024\/04\/image-1-244x300.jpeg 244w, https:\/\/marcillylesbuxy.info\/wp-content\/uploads\/2024\/04\/image-1-768x944.jpeg 768w, https:\/\/marcillylesbuxy.info\/wp-content\/uploads\/2024\/04\/image-1-508x624.jpeg 508w\" sizes=\"auto, (max-width: 833px) 100vw, 833px\" \/><\/figure>\n<\/div>\n\n\n<p class=\"has-text-align-center has-larger-font-size\">Notre courrier \u00e0 la mairie<\/p>\n\n\n\n<div data-wp-interactive=\"core\/file\" class=\"wp-block-file\"><object data-wp-bind--hidden=\"!state.hasPdfPreview\" hidden class=\"wp-block-file__embed\" data=\"https:\/\/marcillylesbuxy.info\/wp-content\/uploads\/2024\/04\/Courrier-Mairie-questions-de-lasso-01.pdf\" type=\"application\/pdf\" style=\"width:100%;height:313px\" aria-label=\"Contenu embarqu\u00e9 Courrier-Mairie-questions-de-lasso-01.\"><\/object><a id=\"wp-block-file--media-1d39b8a4-8dd8-4602-9ef2-68a87d8d43b9\" href=\"https:\/\/marcillylesbuxy.info\/wp-content\/uploads\/2024\/04\/Courrier-Mairie-questions-de-lasso-01.pdf\">Courrier-Mairie-questions-de-lasso-01<\/a><a href=\"https:\/\/marcillylesbuxy.info\/wp-content\/uploads\/2024\/04\/Courrier-Mairie-questions-de-lasso-01.pdf\" class=\"wp-block-file__button wp-element-button\" download aria-describedby=\"wp-block-file--media-1d39b8a4-8dd8-4602-9ef2-68a87d8d43b9\">T\u00e9l\u00e9charger<\/a><\/div>\n\n\n<div class=\"wp-block-image\">\n<figure class=\"aligncenter\"><img loading=\"lazy\" decoding=\"async\" width=\"150\" height=\"92\" src=\"https:\/\/marcillylesbuxy.info\/wp-content\/uploads\/2024\/03\/image.jpeg\" alt=\"\" class=\"wp-image-348\"\/><\/figure>\n<\/div>\n\n\n<p class=\"has-text-align-center has-larger-font-size\"><strong>Pour mieux comprendre<\/strong><\/p>\n\n\n\n<p><strong>L\u2019ordonnance n\u00b0 2021-1310 du 7 octobre 2021, dont les dispositions entrent en vigueur le 1er juillet 2022, pr\u00e9cise le contenu et les modalit\u00e9s de publicit\u00e9 et de conservation du proc\u00e8s-verbal, dans des termes identiques pour les communes (article L. 2121-15 du CGCT), les d\u00e9partements (article L. 3121-13 du CGCT) et les r\u00e9gions (article L. 4132-12 du CGCT). Par renvoi, ces modifications s\u2019appliquent \u00e9galement aux EPCI (article L. 5211-1 du CGCT) et aux syndicats mixtes ferm\u00e9s (article L. 5711-1 du CGCT). La suppression par l\u2019ordonnance du compte rendu des s\u00e9ances du conseil municipal, qui n\u2019avait pas d\u2019\u00e9quivalent pour les autres cat\u00e9gories de collectivit\u00e9s territoriales et dont le contenu faisait souvent doublon avec celui du proc\u00e8s-verbal, tend aujourd\u2019hui \u00e0 faire du proc\u00e8s-verbal le document par lequel sont retranscrits et conserv\u00e9s les \u00e9changes et d\u00e9cisions des assembl\u00e9es d\u00e9lib\u00e9rantes locales.<\/strong><\/p>\n\n\n\n<p><em>Source: https:\/\/www.saone-et-loire.gouv.fr\/Actions-de-l-Etat\/Collectivites-locales\/Administration-locale\/Simplification-du-droit-pour-les-collectivites-territoriales-et-leurs-groupements\/Outils-d-accompagnement\/Proces-verbal-de-seance<\/em><\/p>\n\n\n\n<p class=\"has-accent-background-color has-background\"><em>\u201cConform\u00e9ment \u00e0 l\u2019article L. 2121-25 modifi\u00e9 du CGCT, la liste des d\u00e9lib\u00e9rations, examin\u00e9es par le conseil municipal, doit \u00eatre affich\u00e9e \u00e0 la mairie et publi\u00e9e sur le site internet de la commune, lorsqu\u2019il existe, dans un d\u00e9lai d\u2019une semaine \u00e0 compter de l\u2019examen de ces d\u00e9lib\u00e9rations par le conseil municipal.\u201d (&#8230;) La liste doit comporter a minima la date de la s\u00e9ance et la mention de l\u2019objet de l\u2019ensemble des d\u00e9lib\u00e9rations approuv\u00e9es ou refus\u00e9es par l\u2019organe d\u00e9lib\u00e9rant. En revanche, l<\/em><em>e r\u00e9sum\u00e9 ou l\u2019explication de la d\u00e9cision ne sont pas requis. En pratique, il peut \u00eatre conseill\u00e9, lorsque la situation locale le justifie, d\u2019int\u00e9grer ces mentions, dans l\u2019objectif de favoriser une meilleure information des citoyens sur l&rsquo;action de la commune. \u201c<\/em><\/p>\n\n\n\n<p><em>Source: https:\/\/www.legifrance.gouv.fr\/codes\/article_lc\/LEGIARTI000031038649\/2015-08-09<\/em><\/p>\n\n\n\n<p class=\"has-accent-background-color has-background\">De plus, l&rsquo;article L1111-1-1 du CGCT, point 7, pr\u00e9voit que <em>\u00ab\u00a0issu du suffrage universel, l&rsquo;\u00e9lu local est et reste responsable de ses actes pour la dur\u00e9e du mandat devant l&rsquo;ensemble des citoyens de la collectivit\u00e9 territoriale, \u00e0 qui il rend compte des actes et d\u00e9cisions pris dans le cadre de ses fonctions.\u00a0\u00bb<\/em><\/p>\n\n\n\n<p class=\"has-text-align-center has-black-color has-text-color has-background has-link-color has-large-font-size wp-elements-ab13cb904a68bd37091c1a32fa6c1d29\" id=\"entretien\" style=\"background:linear-gradient(135deg,rgb(238,238,238) 0%,rgb(169,184,195) 45%)\">Suites donn\u00e9es lors de l&rsquo;entretien avec le maire du 31 octobre 2024<\/p>\n\n\n\n<ul id=\"block-c48d1c9e-3372-4ff7-91eb-27fcd2bf15c2\" class=\"wp-block-list\">\n<li><strong>Notre question<\/strong>, sur la possibilit\u00e9 de publier un compte-rendu provisoire avant le PV valid\u00e9 officiel: \n<ul class=\"wp-block-list\">\n<li class=\"has-large-font-size\"><strong>R\u00e9ponse du maire <\/strong>: Le choix est de publier une fois que le Conseil Municipal a ent\u00e9rin\u00e9 le Proc\u00e8s Verbal. \u201cLe PV est approuv\u00e9 par le Conseil Municipal , puis publi\u00e9 apr\u00e8s.\u201d Le publier avant son approbation est risqu\u00e9, selon le maire: \u00ab\u00a0On a adopt\u00e9 ce choix-l\u00e0.\u00a0\u00bb<\/li>\n<\/ul>\n<\/li>\n\n\n\n<li><strong>Notre question: <\/strong>A propos de l&rsquo;article 2121-15 du Code G\u00e9n\u00e9ral des Collectivit\u00e9s Territoriales qui stipule: \u00ab\u00a0(&#8230;) [le PV] contient la date et l&rsquo;heure de la s\u00e9ance, les noms du pr\u00e9sident, des membres du conseil municipal pr\u00e9sents ou repr\u00e9sent\u00e9s et du ou des secr\u00e9taires de s\u00e9ance, le quorum, l&rsquo;ordre du jour de la s\u00e9ance, les d\u00e9lib\u00e9rations adopt\u00e9es et les rapports au vu desquels elles ont \u00e9t\u00e9 adopt\u00e9es, les demandes de scrutin particulier, <strong>le r\u00e9sultat des scrutins pr\u00e9cisant, s&rsquo;agissant des scrutins publics, le nom des votants et le sens de leur vote, et la teneur des discussions au cours de la s\u00e9ance<\/strong>.  \n<ul class=\"wp-block-list\">\n<li class=\"has-large-font-size\"><strong>R\u00e9ponse: du maire:<\/strong> \u201cJe ne sais pas, je peux pas dire. Vous me posez une colle.\u201cSi on doit rajouter [le d\u00e9tail des d\u00e9bats] , on rajoutera les choses. \u00c7a sera fait \u00e0 l\u2019avenir, ce sera pas un probl\u00e8me.\u201d Le maire pr\u00e9cise qu\u2019il se renseignera sur la question.<\/li>\n<\/ul>\n<\/li>\n<\/ul>\n\n\n\n<p class=\"has-electric-grass-gradient-background has-background\"><strong>Notre commentaire:<\/strong> Nous regrettons que le maire ne veuille pas afficher un compte-rendu provisoire; le seul argument avanc\u00e9 est que ce serait \u00ab\u00a0risqu\u00e9\u00a0\u00bb. Nous ne voyons pas en quoi cela risqu\u00e9; ce serait un moyen l\u00e9gal d&rsquo;informer les habitants des affaires en discussion au conseil municipal avant que tout soit ent\u00e9rin\u00e9 (PV affich\u00e9 plusieurs semaines apr\u00e8s le conseil). <br>A propos du contenu des d\u00e9bats qui doit obligatoirement \u00eatre mentionn\u00e9, ainsi que le sens du vote des votants, nous nous f\u00e9licitons que le maire acc\u00e8de \u00e0 notre demande de respecter la r\u00e9glementation mais nous resterons vigilants&#8230;<\/p>\n\n\n\n<p><\/p>\n\n\n\n<p class=\"has-text-align-center\"><a href=\"#haut\">Retour en haut de page<\/a><\/p>\n\n\n\n<div class=\"wp-block-comments\">\n\n\n\n\n\n\t<div id=\"respond\" class=\"comment-respond wp-block-post-comments-form\">\n\t\t<h3 id=\"reply-title\" class=\"comment-reply-title\">Laisser un commentaire <small><a rel=\"nofollow\" id=\"cancel-comment-reply-link\" href=\"\/index.php\/wp-json\/wp\/v2\/posts\/345#respond\" style=\"display:none;\">Annuler la r\u00e9ponse<\/a><\/small><\/h3><form action=\"https:\/\/marcillylesbuxy.info\/wp-comments-post.php\" method=\"post\" id=\"commentform\" class=\"comment-form\"><p class=\"comment-notes\"><span id=\"email-notes\">Votre adresse e-mail ne sera pas publi\u00e9e.<\/span> <span class=\"required-field-message\">Les champs obligatoires sont indiqu\u00e9s avec <span class=\"required\">*<\/span><\/span><\/p><p class=\"comment-form-comment\"><label for=\"comment\">Commentaire <span class=\"required\">*<\/span><\/label> <textarea id=\"comment\" name=\"comment\" cols=\"45\" rows=\"8\" maxlength=\"65525\" required=\"required\"><\/textarea><\/p><p class=\"comment-form-author\"><label for=\"author\">Nom <span class=\"required\">*<\/span><\/label> <input id=\"author\" name=\"author\" type=\"text\" value=\"\" size=\"30\" maxlength=\"245\" autocomplete=\"name\" required=\"required\" \/><\/p>\n<p class=\"comment-form-email\"><label for=\"email\">E-mail <span class=\"required\">*<\/span><\/label> <input id=\"email\" name=\"email\" type=\"text\" value=\"\" size=\"30\" maxlength=\"100\" aria-describedby=\"email-notes\" autocomplete=\"email\" required=\"required\" \/><\/p>\n<p class=\"comment-form-url\"><label for=\"url\">Site web<\/label> <input id=\"url\" name=\"url\" type=\"text\" value=\"\" size=\"30\" maxlength=\"200\" autocomplete=\"url\" \/><\/p>\n<p class=\"comment-form-cookies-consent\"><input id=\"wp-comment-cookies-consent\" name=\"wp-comment-cookies-consent\" type=\"checkbox\" value=\"yes\" \/> <label for=\"wp-comment-cookies-consent\">Enregistrer mon nom, mon e-mail et mon site dans le navigateur pour mon prochain commentaire.<\/label><\/p>\n<p class=\"comment-form-mailpoet\">\n      <label for=\"mailpoet_subscribe_on_comment\">\n        <input\n          type=\"checkbox\"\n          id=\"mailpoet_subscribe_on_comment\"\n          value=\"1\"\n          name=\"mailpoet[subscribe_on_comment]\"\n        \/>&nbsp;Oui, ajoutez-moi \u00e0 votre liste de diffusion.\n      <\/label>\n    <\/p><p class=\"form-submit\"><input name=\"submit\" type=\"submit\" id=\"submit\" class=\"submit\" value=\"Laisser un commentaire\" \/> <input type='hidden' name='comment_post_ID' value='345' id='comment_post_ID' \/>\n<input type='hidden' name='comment_parent' id='comment_parent' value='0' \/>\n<\/p><p style=\"display: none;\"><input type=\"hidden\" id=\"akismet_comment_nonce\" name=\"akismet_comment_nonce\" value=\"4913078d2c\" \/><\/p><p style=\"display: none !important;\" class=\"akismet-fields-container\" data-prefix=\"ak_\"><label>&#916;<textarea name=\"ak_hp_textarea\" cols=\"45\" rows=\"8\" maxlength=\"100\"><\/textarea><\/label><input type=\"hidden\" id=\"ak_js_1\" name=\"ak_js\" value=\"167\"\/><script type=\"text\/javascript\">\n\/* <![CDATA[ *\/\ndocument.getElementById( \"ak_js_1\" ).setAttribute( \"value\", ( new Date() ).getTime() );\n\/* ]]> *\/\n<\/script>\n<\/p><\/form>\t<\/div><!-- #respond -->\n\t<p class=\"akismet_comment_form_privacy_notice\">Ce site utilise Akismet pour r\u00e9duire les ind\u00e9sirables. <a href=\"https:\/\/akismet.com\/privacy\/\" target=\"_blank\" rel=\"nofollow noopener\">En savoir plus sur la fa\u00e7on dont les donn\u00e9es de vos commentaires sont trait\u00e9es<\/a>.<\/p><\/div>\n\n\n","protected":false},"excerpt":{"rendered":"<p>Cliquez ici pour lire la r\u00e9ponse du maire lors de l&rsquo;entretien du 31 octobre 2024, ainsi que nos commentaires &nbsp;Il est tr\u00e8s difficile actuellement de comprendre les d\u00e9lib\u00e9rations et &nbsp;Proc\u00e8s Verbaux (P.V.) du conseil municipal. Pourquoi?&nbsp; Si la liste des d\u00e9lib\u00e9rations est publi\u00e9e dans la semaine qui suit le conseil municipal, le PV, qui explicite [&hellip;]<\/p>\n","protected":false},"author":1,"featured_media":0,"comment_status":"open","ping_status":"open","sticky":false,"template":"","format":"standard","meta":{"_monsterinsights_skip_tracking":false,"_monsterinsights_sitenote_active":false,"_monsterinsights_sitenote_note":"","_monsterinsights_sitenote_category":0,"footnotes":""},"categories":[1],"tags":[],"class_list":["post-345","post","type-post","status-publish","format-standard","hentry","category-dossiers"],"_links":{"self":[{"href":"https:\/\/marcillylesbuxy.info\/index.php\/wp-json\/wp\/v2\/posts\/345","targetHints":{"allow":["GET"]}}],"collection":[{"href":"https:\/\/marcillylesbuxy.info\/index.php\/wp-json\/wp\/v2\/posts"}],"about":[{"href":"https:\/\/marcillylesbuxy.info\/index.php\/wp-json\/wp\/v2\/types\/post"}],"author":[{"embeddable":true,"href":"https:\/\/marcillylesbuxy.info\/index.php\/wp-json\/wp\/v2\/users\/1"}],"replies":[{"embeddable":true,"href":"https:\/\/marcillylesbuxy.info\/index.php\/wp-json\/wp\/v2\/comments?post=345"}],"version-history":[{"count":10,"href":"https:\/\/marcillylesbuxy.info\/index.php\/wp-json\/wp\/v2\/posts\/345\/revisions"}],"predecessor-version":[{"id":719,"href":"https:\/\/marcillylesbuxy.info\/index.php\/wp-json\/wp\/v2\/posts\/345\/revisions\/719"}],"wp:attachment":[{"href":"https:\/\/marcillylesbuxy.info\/index.php\/wp-json\/wp\/v2\/media?parent=345"}],"wp:term":[{"taxonomy":"category","embeddable":true,"href":"https:\/\/marcillylesbuxy.info\/index.php\/wp-json\/wp\/v2\/categories?post=345"},{"taxonomy":"post_tag","embeddable":true,"href":"https:\/\/marcillylesbuxy.info\/index.php\/wp-json\/wp\/v2\/tags?post=345"}],"curies":[{"name":"wp","href":"https:\/\/api.w.org\/{rel}","templated":true}]}}