{"id":426,"date":"2024-04-19T09:40:04","date_gmt":"2024-04-19T07:40:04","guid":{"rendered":"https:\/\/marcillylesbuxy.info\/?p=426"},"modified":"2024-12-01T14:32:46","modified_gmt":"2024-12-01T13:32:46","slug":"amenagement-a-boujolles","status":"publish","type":"post","link":"https:\/\/marcillylesbuxy.info\/index.php\/2024\/04\/19\/amenagement-a-boujolles\/","title":{"rendered":"Am\u00e9nagement \u00e0 Boujolles"},"content":{"rendered":"\n<p class=\"has-text-align-center has-large-font-size\" id=\"haut\"><a href=\"#entretien\">Cliquez ici pour lire la r\u00e9ponse du maire lors de l&rsquo;entretien du 31 octobre 2024, ainsi que nos commentaires<\/a><\/p>\n\n\n\n<p class=\"has-large-font-size\"><strong>Depuis fin ao\u00fbt 2023, les travaux sur la voie communale traversant Boujolles ont fait appara\u00eetre <\/strong><strong>1 zone limit\u00e9e \u00e0 30 km\/h, 3 plateaux ralentisseurs et 2 stops.<\/strong><\/p>\n\n\n<div class=\"wp-block-image\">\n<figure class=\"aligncenter\"><img loading=\"lazy\" decoding=\"async\" width=\"104\" height=\"118\" src=\"https:\/\/marcillylesbuxy.info\/wp-content\/uploads\/2024\/04\/image.jpeg\" alt=\"\" class=\"wp-image-455\"\/><\/figure>\n<\/div>\n\n\n<p class=\"has-text-align-center has-larger-font-size\">&nbsp;<strong>Nos questions<\/strong><\/p>\n\n\n\n<ul class=\"wp-block-list has-larger-font-size\">\n<li><strong>Lors de  quelle r\u00e9union, le Conseil Municipal a-t-il d\u00e9battu des \u00e9l\u00e9ments de ce choix d\u2019am\u00e9nagement \u00e0 Boujolles, avant que le maire prenne l\u2019arr\u00eat\u00e9 correspondant ?<\/strong><\/li>\n<\/ul>\n\n\n\n<ul class=\"wp-block-list has-larger-font-size\">\n<li><strong>Pourquoi des panneaux \u201cSTOP\u201d sur la voie communale \u00e0 l\u2019intersection avec l\u2019impasse ont-ils \u00e9t\u00e9 implant\u00e9s plut\u00f4t que d\u2019autres \u00e9l\u00e9ments de signalisation routi\u00e8re ?<\/strong><\/li>\n<\/ul>\n\n\n\n<hr class=\"wp-block-separator has-alpha-channel-opacity\"\/>\n\n\n\n<p class=\"has-larger-font-size\">&nbsp;<strong>Panneaux  \u00ab STOP \u00bb<\/strong><\/p>\n\n\n\n<p class=\"has-large-font-size\"><strong>Dans cet am\u00e9nagement, sont donc apparus <\/strong><strong>2 \u00ab STOP \u00bb dans le hameau<\/strong><strong> :<\/strong><\/p>\n\n\n\n<figure class=\"wp-block-image\"><img loading=\"lazy\" decoding=\"async\" width=\"892\" height=\"392\" src=\"https:\/\/marcillylesbuxy.info\/wp-content\/uploads\/2024\/04\/image-3.png\" alt=\"\" class=\"wp-image-457\" srcset=\"https:\/\/marcillylesbuxy.info\/wp-content\/uploads\/2024\/04\/image-3.png 892w, https:\/\/marcillylesbuxy.info\/wp-content\/uploads\/2024\/04\/image-3-300x132.png 300w, https:\/\/marcillylesbuxy.info\/wp-content\/uploads\/2024\/04\/image-3-768x338.png 768w, https:\/\/marcillylesbuxy.info\/wp-content\/uploads\/2024\/04\/image-3-508x223.png 508w\" sizes=\"auto, (max-width: 892px) 100vw, 892px\" \/><\/figure>\n\n\n\n<p class=\"has-large-font-size\"><strong>Hors agglom\u00e9ration, la r\u00e9glementation pr\u00e9voit que <\/strong><strong>le panneau  \u00ab STOP \u00bb soit pr\u00e9c\u00e9d\u00e9 d\u2019un panneau de signalisation avanc\u00e9<\/strong><strong> :&nbsp;<\/strong><\/p>\n\n\n<div class=\"wp-block-image\">\n<figure class=\"aligncenter\"><img loading=\"lazy\" decoding=\"async\" width=\"130\" height=\"208\" src=\"https:\/\/marcillylesbuxy.info\/wp-content\/uploads\/2024\/04\/image-2.png\" alt=\"\" class=\"wp-image-456\"\/><\/figure>\n<\/div>\n\n\n<p class=\"has-large-font-size\"><strong>Depuis les am\u00e9nagements de fin ao\u00fbt 2023, <\/strong><strong>aucun panneau avanc\u00e9 n\u2019a \u00e9t\u00e9 mis en place, rendant la circulation routi\u00e8re dangereuse<\/strong><strong> (effet de surprise).<\/strong><\/p>\n\n\n<div class=\"wp-block-image\">\n<figure class=\"aligncenter\"><img loading=\"lazy\" decoding=\"async\" width=\"104\" height=\"118\" src=\"https:\/\/marcillylesbuxy.info\/wp-content\/uploads\/2024\/04\/image.jpeg\" alt=\"\" class=\"wp-image-454\"\/><\/figure>\n<\/div>\n\n\n<p class=\"has-text-align-center has-larger-font-size\"><strong>Notre question<\/strong><\/p>\n\n\n\n<ul class=\"wp-block-list\">\n<li class=\"has-larger-font-size\"><strong>Le Conseil Municipal pr\u00e9voit-il l&rsquo;installation des panneaux de signalisation avanc\u00e9e, comme le pr\u00e9voit la r\u00e9glementation de la s\u00e9curit\u00e9 routi\u00e8re?<\/strong><\/li>\n<\/ul>\n\n\n\n<div data-wp-interactive=\"core\/file\" class=\"wp-block-file\"><object data-wp-bind--hidden=\"!state.hasPdfPreview\" hidden class=\"wp-block-file__embed\" data=\"https:\/\/marcillylesbuxy.info\/wp-content\/uploads\/2024\/04\/courrier-questions-a-la-mairie-00-divers.pdf\" type=\"application\/pdf\" style=\"width:100%;height:600px\" aria-label=\"Contenu embarqu\u00e9 courrier questions \u00e0 la mairie 00 - divers.\"><\/object><a id=\"wp-block-file--media-7fa8d7ec-4221-46b3-a652-ac534b33e1f0\" href=\"https:\/\/marcillylesbuxy.info\/wp-content\/uploads\/2024\/04\/courrier-questions-a-la-mairie-00-divers.pdf\">courrier questions \u00e0 la mairie 00 &#8211; divers<\/a><a href=\"https:\/\/marcillylesbuxy.info\/wp-content\/uploads\/2024\/04\/courrier-questions-a-la-mairie-00-divers.pdf\" class=\"wp-block-file__button wp-element-button\" download aria-describedby=\"wp-block-file--media-7fa8d7ec-4221-46b3-a652-ac534b33e1f0\">T\u00e9l\u00e9charger<\/a><\/div>\n\n\n\n<p class=\"has-text-align-center has-black-color has-text-color has-background has-link-color has-large-font-size wp-elements-ab13cb904a68bd37091c1a32fa6c1d29\" id=\"entretien\" style=\"background:linear-gradient(135deg,rgb(238,238,238) 0%,rgb(169,184,195) 45%)\">Suites donn\u00e9es lors de l&rsquo;entretien avec le maire du 31 octobre 2024<\/p>\n\n\n\n<ul id=\"block-c48d1c9e-3372-4ff7-91eb-27fcd2bf15c2\" class=\"wp-block-list\">\n<li><strong>Notre question:<\/strong> A quelle r\u00e9union le Conseil Municipal a-t-il d\u00e9battu sur ce choix d\u2019am\u00e9nagement avant que le Maire prenne l\u2019arr\u00eat\u00e9 correspondant&nbsp;?&nbsp;\n<ul class=\"wp-block-list\">\n<li class=\"has-large-font-size\"><strong>R\u00e9ponse du maire <\/strong>: Il n\u2019y a pas eu de r\u00e9union du conseil municipal o\u00f9 ce choix d\u2019am\u00e9nagement a \u00e9t\u00e9 d\u00e9battu. Une petite  r\u00e9union a \u00e9t\u00e9 faite avec les adjoints et les membres de la commission voirie o\u00f9 ils ont choisi l\u2019am\u00e9nagement pour un montant de 117 000\u20ac il y a 3 ans. Pour le projet d\u2019agglom\u00e9ration \u00e0 Boujolles, le conseil municipal n\u2019a pas d\u00e9battu. <\/li>\n<\/ul>\n<\/li>\n<\/ul>\n\n\n\n<p class=\"has-electric-grass-gradient-background has-background\"><strong>Notre commentaire:<\/strong> Donc, d\u2019apr\u00e8s le Maire, le Conseil Municipal n\u2019a pas \u00e0 donner son avis sur une d\u00e9pense de 117\u00a0000\u20ac, n\u2019a pas \u00e0 donner son avis sur un projet d\u2019agglom\u00e9ration? Mais alors, \u00e0 quoi sert le Conseil Municipal\u00a0?<\/p>\n\n\n\n<p class=\"has-text-align-center has-larger-font-size\">Pour mieux comprendre&nbsp;<\/p>\n\n\n\n<p>Lors de la r\u00e9union du 27 novembre 2020, le Conseil Municipal lance le projet de la r\u00e9fection de la route de Boujolles au cours de l\u2019ann\u00e9e 2021, d\u00e9pose des demandes de subventions, autorise le Maire \u00e0 signer les documents.<\/p>\n\n\n\n<figure class=\"wp-block-image wp-duotone-1d1d1d-rgb211241211-1\"><img decoding=\"async\" src=\"https:\/\/lh7-rt.googleusercontent.com\/docsz\/AD_4nXdqc7waDBcGkafbb8a5b90ffC2hpvfHykSxApoWe7SnNc_XtQul08UhXIGYmIvX-IrGms-6wyEw5dOr2fBLa56b41tUer-O7gGT2vKFGzjWSCtHFhUD0fKFnVJgHKcls812quCWUIJHPYnW2jDD6w4?key=rlIVrU2jfBfBJSW3eqXtk2uW\" alt=\"\"\/><\/figure>\n\n\n\n<p class=\"has-large-font-size\">Ces d\u00e9cisions valent donc pour ce projet de r\u00e9fection de voirie en 2021, pour d\u00e9poser des demandes de subvention\u00a0: le Maire est autoris\u00e9 \u00e0 signer les documents (pas \u00e0 choisir ce qui sera fait, avec quelle entreprise, quel montant, ces choix relevant du Conseil Municipal).  <strong>Ce 27 novembre 2020, aucun montant de travaux, ni choix d\u2019entreprise suivant devis n\u2019est d\u00e9lib\u00e9r\u00e9 et valid\u00e9 par le Conseil Municipal.<\/strong><\/p>\n\n\n\n<figure class=\"wp-block-image wp-duotone-1d1d1d-rgb211241211-2\"><img decoding=\"async\" src=\"https:\/\/lh7-rt.googleusercontent.com\/docsz\/AD_4nXdTjIP5SUvrFhhE2K1FAqVvMFyijWbspJxM_KVuNxotRlpp93oQee_uzHyX7H4pnu2XNNjHqcFrGZGHOy0kNAvhwYtnItm_H5R6659TiCjgj7wMd9K3IWU-2GB6uEY1dUxfeDsyO-F-oEeycRQ95ac?key=rlIVrU2jfBfBJSW3eqXtk2uW\" alt=\"\"\/><\/figure>\n\n\n\n<p><strong>Aucune r\u00e9union de Conseil Municipal <\/strong>ne fait \u00e9tat de ce montant de d\u00e9penses d\u2019investissement, ni celle du 27 novembre 2020, ni celle du 15 janvier 2021\u00a0: <strong>le Conseil Municipal n\u2019a ni d\u00e9lib\u00e9r\u00e9, ni valid\u00e9 cette d\u00e9pense.<\/strong> <strong>En 2021, <\/strong>contrairement \u00e0 ce qui a \u00e9t\u00e9 d\u00e9battu et valid\u00e9 par le Conseil Municipal le 27 novembre 2020, <strong>les travaux ne sont pas r\u00e9alis\u00e9s. Aucun report de ce projet n\u2019est valid\u00e9 par le Conseil Municipal.Le 22 juillet 2022,<\/strong> le Conseil Municipal d\u00e9lib\u00e8re pour une <strong>premi\u00e8re tranche de travaux<\/strong> route de Boujolles, r\u00e9alis\u00e9s par l\u2019entreprise COLAS pour un montant de <strong>42\u00a0336\u20ac TTC<\/strong>.<\/p>\n\n\n\n<figure class=\"wp-block-image wp-duotone-1d1d1d-rgb211241211-3\"><img decoding=\"async\" src=\"https:\/\/lh7-rt.googleusercontent.com\/docsz\/AD_4nXcHU_vdtpiw8iydbraDTOpbv0sCCGdo_EZIx9Wi7R05-UiKPTNNDkOzIuBUhp4Z-amohzkRaXn--7oKHZkvy45_g87G5SszxlsqlSPB_GwbMM4r2OmJTA2z3TRmsPicAQiE3Dr68wdMBBn6uEriCt0?key=rlIVrU2jfBfBJSW3eqXtk2uW\" alt=\"\"\/><\/figure>\n\n\n\n<figure class=\"wp-block-image wp-duotone-1d1d1d-rgb211241211-4\"><img decoding=\"async\" src=\"https:\/\/lh7-rt.googleusercontent.com\/docsz\/AD_4nXeao4ArEPTKZE9srNukQZkYA4gwmB1FoKmwOEAm2NlvGBUopYPlb1-t-4MMSGgV9i0ruwjyJoSvIbErh6IxfuYIV_s8xfqzZNe0MeyQvxDFT3e52XL_5T3ULVuv_R0mCz-89mubxsWA0ZwdPfzrtw?key=rlIVrU2jfBfBJSW3eqXtk2uW\" alt=\"\"\/><\/figure>\n\n\n\n<ul class=\"wp-block-list\">\n<li><strong>PUIS \u2026en Ao\u00fbt 2023<\/strong>, des travaux seront \u00e0 nouveau r\u00e9alis\u00e9s sur la route de Boujolles dont am\u00e9nagement de 3 plateaux ralentisseurs, mise en place d\u2019une r\u00e8gle de priorit\u00e9 avec STOP. Aucun proc\u00e8s-verbal de r\u00e9union de Conseil Municipal ne montre une validation de ces travaux et de ces d\u00e9penses. Lors de notre entretien, le Maire nous dit que les travaux de Boujolles ont eu un montant de 117\u00a0000\u20ac\u00a0: <strong>donc une d\u00e9pense de 42\u00a0336\u20ac a \u00e9t\u00e9 autoris\u00e9e par le Conseil Municipal pour une 1\u00e8re tranche de travaux et une d\u00e9pense de 74 664\u20ac n\u2019a pas \u00e9t\u00e9 autoris\u00e9e par le Conseil Municipal pour une 2<sup>\u00e8me<\/sup> tranche de travaux ou autres.<\/strong><\/li>\n\n\n\n<li class=\"has-large-font-size\"><strong>Le Maire d\u00e9pense 74\u00a0664\u20ac sans accord du Conseil Municipal et lors de notre entretien, il reconnait que le Conseil municipal n\u2019a pas d\u00e9battu.<\/strong><\/li>\n<\/ul>\n\n\n\n<p><strong>SURPRENANT&nbsp;!<\/strong><\/p>\n\n\n\n<p class=\"has-electric-grass-gradient-background has-background\"><strong>Surprenant&nbsp;: le Maire d\u00e9pense 74&nbsp;664\u20ac sans accord du Conseil Municipal&nbsp;!<\/strong> Le maire fait r\u00e9f\u00e9rence \u00e0 son pouvoir de police qui lui aurait donn\u00e9 le droit de proc\u00e9der seul \u00e0 ces am\u00e9nagements. C&rsquo;est une erreur ! En effet, si d&rsquo;une part l&rsquo;<strong>article L. 2212-2 du CGCT<\/strong> stipule que le maire a la responsabilit\u00e9 d&rsquo;assurer \u00ab\u00a0le bon ordre, la s\u00fbret\u00e9, la s\u00e9curit\u00e9 et la salubrit\u00e9 publiques.\u00a0\u00bb En mati\u00e8re de voirie, cela inclut la r\u00e9gulation de la circulation et la s\u00e9curit\u00e9 des usagers de la voie publique; et que d&rsquo;autre part l&rsquo;<strong>article L. 2213-1<\/strong> du CGCT mentionne: Le maire peut prendre toutes les mesures n\u00e9cessaires concernant la circulation et le stationnement sur les voies communales, pour assurer la s\u00e9curit\u00e9 des usagers. Cela comprend l&rsquo;installation de panneaux de signalisation, des am\u00e9nagements <strong>temporaires,<\/strong> ou la gestion de la circulation. <strong>Mais: Le conseil municipal doit d\u00e9lib\u00e9rer pour tout am\u00e9nagement routier qui a une incidence sur les finances de la commune<\/strong> ou qui entra\u00eene des modifications durables. Cela est r\u00e9gi par plusieurs articles du CGCT : <strong>l&rsquo;article L. 2121-29<\/strong> du CGCT : Le conseil municipal r\u00e8gle par ses d\u00e9lib\u00e9rations les affaires de la commune, notamment en mati\u00e8re d&rsquo;am\u00e9nagement de l&rsquo;espace public, de travaux, et de gestion financi\u00e8re. L&rsquo;<strong>article L. 2312-1<\/strong> du CGCT dit : Les d\u00e9penses d&rsquo;investissement, y compris les travaux d&rsquo;am\u00e9nagement routier importants, doivent \u00eatre pr\u00e9vues dans le budget communal, qui est adopt\u00e9 par le conseil municipal. <strong>Conclusion: les am\u00e9nagements routiers de Boujolles ont \u00e9t\u00e9 r\u00e9alis\u00e9s en d\u00e9pit de la Loi: le conseil municipal aurait d\u00fb \u00eatre consult\u00e9 et les investissements vot\u00e9s.<\/strong><\/p>\n\n\n\n<p class=\"has-text-align-center\"><a href=\"#haut\">Retour en haut de page<\/a><\/p>\n\n\n\n<div class=\"wp-block-comments\"><h2 id=\"comments\" class=\"wp-block-comments-title\">Une r\u00e9ponse \u00e0 &#8220;Am\u00e9nagement \u00e0 Boujolles&#8221;<\/h2>\n\n<ol class=\"wp-block-comment-template\"><li id=\"comment-18\" class=\"comment even thread-even depth-1\">\n\n<div class=\"wp-block-columns is-layout-flex wp-container-core-columns-is-layout-9d6595d7 wp-block-columns-is-layout-flex\">\n<div class=\"wp-block-column is-layout-flow wp-block-column-is-layout-flow\" style=\"flex-basis:40px\"><div class=\"wp-block-avatar\"><img alt='Avatar de Besson' src='https:\/\/secure.gravatar.com\/avatar\/354a77dd80def99ae99a34e0fa7c1aa5a55ba364ee9639a820b03d3b2a052bec?s=40&#038;d=mm&#038;r=g' srcset='https:\/\/secure.gravatar.com\/avatar\/354a77dd80def99ae99a34e0fa7c1aa5a55ba364ee9639a820b03d3b2a052bec?s=80&#038;d=mm&#038;r=g 2x' class='avatar avatar-40 photo wp-block-avatar__image' height='40' width='40'  style=\"border-radius:20px;\"\/><\/div><\/div>\n\n\n\n<div class=\"wp-block-column is-layout-flow wp-block-column-is-layout-flow\"><div class=\"wp-block-comment-author-name has-small-font-size\">Besson<\/div>\n\n\n<div class=\"wp-block-group is-layout-flex wp-block-group-is-layout-flex\" style=\"margin-top:0px;margin-bottom:0px\"><div class=\"wp-block-comment-date has-small-font-size\"><time datetime=\"2024-04-26T17:36:49+02:00\"><a href=\"https:\/\/marcillylesbuxy.info\/index.php\/2024\/04\/19\/amenagement-a-boujolles\/#comment-18\">26 avril 2024<\/a><\/time><\/div>\n\n<\/div>\n\n\n<div class=\"wp-block-comment-content\"><p>C est encore moi&#8230; mais autant de d\u00e9cisions bizarres me posent vraiment question.<br \/>\nComment peut on prendre la d\u00e9cision de mettre un stop pour permettre aux habitants d une impasse d avoir priorit\u00e9 ?&#8230;..J ai toujours appris qu il y avait des routes principales et des routes secondaires et que la plupart du temps les routes principales restaient prioritaires et ce justement pour \u00e9viter les accidents&#8230;..Il me semble que l impasse de Boujolles qui est tr\u00e8s tr\u00e8s tr\u00e8s secondaire  devient prioritaire&#8230;.<br \/>\nLe conseil municipal&#8230;.le maire ont ils r\u00e9alis\u00e9  que leur dispositif est tr\u00e8s tr\u00e8s accidentog\u00e8ne&#8230;que les usagers ne vont pas faire le stop surtout si il n est pas pr\u00e9signal\u00e9 .<br \/>\nBref je me pose la question &#8230;.Pourquoi ce stop&#8230;..Y a t il eu une demande ,une p\u00e9tition des habitants de l impasse pour avoir priorit\u00e9 ?<br \/>\nY a t il eu des accidents d\u00fbs \u00e0 l absence de stop?<br \/>\nMonsieur le maire messieurs les conseillers si vous lisez mon commentaire j esp\u00e8re vraiment que votre dispositif n entra\u00eenera pas un drame&#8230;.<\/p>\n<\/div>\n\n<div class=\"wp-block-comment-reply-link has-small-font-size\"><a rel=\"nofollow\" class=\"comment-reply-link\" href=\"https:\/\/marcillylesbuxy.info\/index.php\/2024\/04\/19\/amenagement-a-boujolles\/?replytocom=18#respond\" data-commentid=\"18\" data-postid=\"426\" data-belowelement=\"comment-18\" data-respondelement=\"respond\" data-replyto=\"R\u00e9pondre \u00e0 Besson\" aria-label=\"R\u00e9pondre \u00e0 Besson\">R\u00e9pondre<\/a><\/div><\/div>\n<\/div>\n\n<\/li><\/ol>\n\n<\/div>\n\n\n\n<div class=\"wp-block-columns is-layout-flex wp-container-core-columns-is-layout-9d6595d7 wp-block-columns-is-layout-flex\">\n<div class=\"wp-block-column is-layout-flow wp-block-column-is-layout-flow\" style=\"flex-basis:100%\">\t<div id=\"respond\" class=\"comment-respond wp-block-post-comments-form\">\n\t\t<h3 id=\"reply-title\" class=\"comment-reply-title\">Laisser un commentaire <small><a rel=\"nofollow\" id=\"cancel-comment-reply-link\" href=\"\/index.php\/wp-json\/wp\/v2\/posts\/426#respond\" style=\"display:none;\">Annuler la r\u00e9ponse<\/a><\/small><\/h3><form action=\"https:\/\/marcillylesbuxy.info\/wp-comments-post.php\" method=\"post\" id=\"commentform\" class=\"comment-form\"><p class=\"comment-notes\"><span id=\"email-notes\">Votre adresse e-mail ne sera pas publi\u00e9e.<\/span> <span class=\"required-field-message\">Les champs obligatoires sont indiqu\u00e9s avec <span class=\"required\">*<\/span><\/span><\/p><p class=\"comment-form-comment\"><label for=\"comment\">Commentaire <span class=\"required\">*<\/span><\/label> <textarea id=\"comment\" name=\"comment\" cols=\"45\" rows=\"8\" maxlength=\"65525\" required=\"required\"><\/textarea><\/p><p class=\"comment-form-author\"><label for=\"author\">Nom <span class=\"required\">*<\/span><\/label> <input id=\"author\" name=\"author\" type=\"text\" value=\"\" size=\"30\" maxlength=\"245\" autocomplete=\"name\" required=\"required\" \/><\/p>\n<p class=\"comment-form-email\"><label for=\"email\">E-mail <span class=\"required\">*<\/span><\/label> <input id=\"email\" name=\"email\" type=\"text\" value=\"\" size=\"30\" maxlength=\"100\" aria-describedby=\"email-notes\" autocomplete=\"email\" required=\"required\" \/><\/p>\n<p class=\"comment-form-url\"><label for=\"url\">Site web<\/label> <input id=\"url\" name=\"url\" type=\"text\" value=\"\" size=\"30\" maxlength=\"200\" autocomplete=\"url\" \/><\/p>\n<p class=\"comment-form-cookies-consent\"><input id=\"wp-comment-cookies-consent\" name=\"wp-comment-cookies-consent\" type=\"checkbox\" value=\"yes\" \/> <label for=\"wp-comment-cookies-consent\">Enregistrer mon nom, mon e-mail et mon site dans le navigateur pour mon prochain commentaire.<\/label><\/p>\n<p class=\"comment-form-mailpoet\">\n      <label for=\"mailpoet_subscribe_on_comment\">\n        <input\n          type=\"checkbox\"\n          id=\"mailpoet_subscribe_on_comment\"\n          value=\"1\"\n          name=\"mailpoet[subscribe_on_comment]\"\n        \/>&nbsp;Oui, ajoutez-moi \u00e0 votre liste de diffusion.\n      <\/label>\n    <\/p><p class=\"form-submit\"><input name=\"submit\" type=\"submit\" id=\"submit\" class=\"submit\" value=\"Laisser un commentaire\" \/> <input type='hidden' name='comment_post_ID' value='426' id='comment_post_ID' \/>\n<input type='hidden' name='comment_parent' id='comment_parent' value='0' \/>\n<\/p><p style=\"display: none;\"><input type=\"hidden\" id=\"akismet_comment_nonce\" name=\"akismet_comment_nonce\" value=\"87d99f0bdc\" \/><\/p><p style=\"display: none !important;\" class=\"akismet-fields-container\" data-prefix=\"ak_\"><label>&#916;<textarea name=\"ak_hp_textarea\" cols=\"45\" rows=\"8\" maxlength=\"100\"><\/textarea><\/label><input type=\"hidden\" id=\"ak_js_1\" name=\"ak_js\" value=\"234\"\/><script type=\"text\/javascript\">\n\/* <![CDATA[ *\/\ndocument.getElementById( \"ak_js_1\" ).setAttribute( \"value\", ( new Date() ).getTime() );\n\/* ]]> *\/\n<\/script>\n<\/p><\/form>\t<\/div><!-- #respond -->\n\t<p class=\"akismet_comment_form_privacy_notice\">Ce site utilise Akismet pour r\u00e9duire les ind\u00e9sirables. <a href=\"https:\/\/akismet.com\/privacy\/\" target=\"_blank\" rel=\"nofollow noopener\">En savoir plus sur la fa\u00e7on dont les donn\u00e9es de vos commentaires sont trait\u00e9es<\/a>.<\/p><\/div>\n<\/div>\n\n\n","protected":false},"excerpt":{"rendered":"<p>Cliquez ici pour lire la r\u00e9ponse du maire lors de l&rsquo;entretien du 31 octobre 2024, ainsi que nos commentaires Depuis fin ao\u00fbt 2023, les travaux sur la voie communale traversant Boujolles ont fait appara\u00eetre 1 zone limit\u00e9e \u00e0 30 km\/h, 3 plateaux ralentisseurs et 2 stops. &nbsp;Nos questions &nbsp;Panneaux \u00ab STOP \u00bb Dans cet am\u00e9nagement, [&hellip;]<\/p>\n","protected":false},"author":1,"featured_media":0,"comment_status":"open","ping_status":"open","sticky":false,"template":"","format":"standard","meta":{"_monsterinsights_skip_tracking":false,"_monsterinsights_sitenote_active":false,"_monsterinsights_sitenote_note":"","_monsterinsights_sitenote_category":0,"footnotes":""},"categories":[1],"tags":[],"class_list":["post-426","post","type-post","status-publish","format-standard","hentry","category-dossiers"],"_links":{"self":[{"href":"https:\/\/marcillylesbuxy.info\/index.php\/wp-json\/wp\/v2\/posts\/426","targetHints":{"allow":["GET"]}}],"collection":[{"href":"https:\/\/marcillylesbuxy.info\/index.php\/wp-json\/wp\/v2\/posts"}],"about":[{"href":"https:\/\/marcillylesbuxy.info\/index.php\/wp-json\/wp\/v2\/types\/post"}],"author":[{"embeddable":true,"href":"https:\/\/marcillylesbuxy.info\/index.php\/wp-json\/wp\/v2\/users\/1"}],"replies":[{"embeddable":true,"href":"https:\/\/marcillylesbuxy.info\/index.php\/wp-json\/wp\/v2\/comments?post=426"}],"version-history":[{"count":14,"href":"https:\/\/marcillylesbuxy.info\/index.php\/wp-json\/wp\/v2\/posts\/426\/revisions"}],"predecessor-version":[{"id":733,"href":"https:\/\/marcillylesbuxy.info\/index.php\/wp-json\/wp\/v2\/posts\/426\/revisions\/733"}],"wp:attachment":[{"href":"https:\/\/marcillylesbuxy.info\/index.php\/wp-json\/wp\/v2\/media?parent=426"}],"wp:term":[{"taxonomy":"category","embeddable":true,"href":"https:\/\/marcillylesbuxy.info\/index.php\/wp-json\/wp\/v2\/categories?post=426"},{"taxonomy":"post_tag","embeddable":true,"href":"https:\/\/marcillylesbuxy.info\/index.php\/wp-json\/wp\/v2\/tags?post=426"}],"curies":[{"name":"wp","href":"https:\/\/api.w.org\/{rel}","templated":true}]}}