{"id":757,"date":"2024-12-01T16:52:28","date_gmt":"2024-12-01T15:52:28","guid":{"rendered":"https:\/\/marcillylesbuxy.info\/?p=757"},"modified":"2024-12-04T09:28:00","modified_gmt":"2024-12-04T08:28:00","slug":"compte-rendu-de-lentretien-avec-le-maire-2","status":"publish","type":"post","link":"https:\/\/marcillylesbuxy.info\/index.php\/2024\/12\/01\/compte-rendu-de-lentretien-avec-le-maire-2\/","title":{"rendered":"Compte-rendu de l&rsquo;entretien avec le maire"},"content":{"rendered":"\n<p class=\"has-large-font-size\"><em>Nos questions envoy\u00e9es par \u00e9crit restant sans r\u00e9ponse, nous avons demand\u00e9 \u00e0 voir le maire. Il nous a re\u00e7us jeudi  31 octobre 2024,<strong> <\/strong>avec deux adjoints et un conseiller municipal.<\/em><\/p>\n\n\n\n<p>Nous avons rappel\u00e9 chacune de nos questions rest\u00e9es sans r\u00e9ponse \u00e0 ce jour (presque toutes!), et quelques questions suppl\u00e9mentaires :<\/p>\n\n\n\n<hr class=\"wp-block-separator has-alpha-channel-opacity\"\/>\n\n\n\n<p class=\"has-text-color has-link-color has-large-font-size wp-elements-4650acd64fc5991d40c7cc5ffbe4486d\" style=\"color:#2014e5\">1. Concernant les exc\u00e8s de vitesse dans le village:<\/p>\n\n\n\n<ul class=\"wp-block-list\">\n<li><strong>Notre question:<\/strong> Quels sont les r\u00e9sultats obtenus de l\u2019analyse de vitesse et de fr\u00e9quentation r\u00e9alis\u00e9e sur la RD236 en 2022?\n<ul class=\"wp-block-list\">\n<li class=\"has-large-font-size\"><strong>R\u00e9ponse du maire <\/strong>: Z\u00e9ro r\u00e9sultat (&#8230;) <strong><a href=\"https:\/\/marcillylesbuxy.info\/index.php\/2024\/03\/23\/des-exces-de-vitesse-dans-le-village\/\">LA SUITE ICI<\/a><\/strong><\/li>\n<\/ul>\n<\/li>\n<\/ul>\n\n\n\n<p class=\"has-text-color has-link-color has-large-font-size wp-elements-cd6e6ea46c7d3e85ec0806c4e3c679a3\" style=\"color:#2014e5\">2. Concernant le projet d\u2019installation de stops sur la route principale Coulons-Martrat:<\/p>\n\n\n\n<ul class=\"wp-block-list\">\n<li><strong>Notre question:<\/strong> Le conseil municipal pr\u00e9voit-il de faire une analyse de vitesse ?\n<ul class=\"wp-block-list\">\n<li class=\"has-large-font-size\"><strong>R\u00e9ponse du maire:<\/strong> Pour l\u2019instant, pas d\u2019analyse de pr\u00e9vue (&#8230;) <strong><a href=\"https:\/\/marcillylesbuxy.info\/index.php\/2024\/04\/03\/des-stops-sur-la-route-principale-des-coulons-au-martrat\/\/des-stops-sur-la-route-principale-des-coulons-au-martrat\/des-exces-de-vitesse-dans-le-village\/\">LA SUITE ICI<\/a><\/strong><\/li>\n<\/ul>\n<\/li>\n<\/ul>\n\n\n\n<p class=\"has-text-color has-link-color has-large-font-size wp-elements-30130b8c9d4746b9be3f50b86288591e\" style=\"color:#2014e5\">3. Concernant la publication des comptes-rendus de s\u00e9ance:<\/p>\n\n\n\n<ul class=\"wp-block-list\">\n<li><strong>Notre question:<\/strong> Afin que les habitants puissent \u00eatre inform\u00e9s correctement, le conseil municipal peut-il: \n<ul class=\"wp-block-list\">\n<li>Soit donner un r\u00e9sum\u00e9 ou une explication des points importants dans la liste de d\u00e9lib\u00e9rations elle-m\u00eame, comme l\u2019article L. 2121-25 modifi\u00e9 du CGCT le sugg\u00e8re ? <\/li>\n\n\n\n<li>Soit publier un&nbsp; compte-rendu provisoire de s\u00e9ance en m\u00eame temps que la liste des d\u00e9lib\u00e9rations, sauf si la loi l\u2019interdit ? Monsieur le Maire, vous citez l\u2019ordonnance 2021-1310 du 7 octobre 2021: <em>\u201cDepuis, les proc\u00e8s-verbaux doivent \u00eatre publi\u00e9s dans la semaine qui suit la s\u00e9ance au cours de laquelle ils ont \u00e9t\u00e9 arr\u00eat\u00e9s\u201d<\/em> Cette ordonnance interdit-elle de publier des compte-rendus provisoires comme de nombreuses communes ou intercommunalit\u00e9s le font? (le PV d\u00e9finitif \u00e9tant valid\u00e9 lors du conseil municipal suivant conform\u00e9ment \u00e0 la loi) .\n<ul class=\"wp-block-list\">\n<li class=\"has-large-font-size\"><strong>R\u00e9ponse du maire: <\/strong>Le choix est de (&#8230;) <a href=\"https:\/\/marcillylesbuxy.info\/index.php\/2024\/03\/30\/les-comptes-rendus-de-seance-publies-plus-rapidement\/\/les-comptes-rendus-de-seance-publies-plus-rapidement\/\">LA SUITE ICI<\/a><\/li>\n<\/ul>\n<\/li>\n\n\n\n<li><strong>Notre question: <\/strong>De plus, l&rsquo;article 2121-15 du Code G\u00e9n\u00e9ral des Collectivit\u00e9s Territoriales stipule: \u00ab\u00a0[Le Proc\u00e8s-Verbal] contient la date et l&rsquo;heure de la s\u00e9ance, les noms du pr\u00e9sident, des membres du conseil municipal pr\u00e9sents ou repr\u00e9sent\u00e9s et du ou des secr\u00e9taires de s\u00e9ance, le quorum, l&rsquo;ordre du jour de la s\u00e9ance, les d\u00e9lib\u00e9rations adopt\u00e9es et<strong> les rapports au vu desquels elles ont \u00e9t\u00e9 adopt\u00e9es<\/strong>, les demandes de scrutin particulier, le r\u00e9sultat des scrutins pr\u00e9cisant, s&rsquo;agissant des scrutins publics, <strong>le nom des votants et le sens de leur vote, et la teneur des discussions au cours de la s\u00e9ance.<\/strong>[&#8230;]\n<ul class=\"wp-block-list\">\n<li class=\"has-large-font-size\"><strong>R\u00e9ponse du maire:<\/strong> Je ne sais pas (&#8230;) <a href=\"https:\/\/marcillylesbuxy.info\/index.php\/2024\/03\/30\/les-comptes-rendus-de-seance-publies-plus-rapidement\/\">LA SUITE ICI<\/a><\/li>\n<\/ul>\n<\/li>\n<\/ul>\n<\/li>\n<\/ul>\n\n\n\n<p class=\"has-text-color has-link-color has-large-font-size wp-elements-86f2bef2a75d861fc903ad2432c787d7\" style=\"color:#2014e5\">4. Concernant le projet d&rsquo;agglom\u00e9ration et d&rsquo;am\u00e9nagements routiers \u00e0 Boujolles :<\/p>\n\n\n\n<ul class=\"wp-block-list\">\n<li><strong>Notre question<\/strong>: A quelle r\u00e9union le Conseil Municipal a-t-il d\u00e9battu sur ce choix d\u2019am\u00e9nagement, avant que le Maire prenne l\u2019arr\u00eat\u00e9 correspondant ?\n<ul class=\"wp-block-list\">\n<li class=\"has-large-font-size\">R\u00e9ponse du maire: Il n&rsquo;y a pas eu de r\u00e9union (&#8230;) <a href=\"https:\/\/marcillylesbuxy.info\/index.php\/2024\/04\/19\/amenagement-a-boujolles\/\"><strong>LA SUITE ICI<\/strong><\/a><\/li>\n<\/ul>\n<\/li>\n<\/ul>\n\n\n\n<ul class=\"wp-block-list\">\n<li><strong>Notre question: <\/strong>Quel est l\u2019int\u00e9r\u00eat pour la commune?&nbsp;\n<ul class=\"wp-block-list\">\n<li class=\"has-large-font-size\">R\u00e9ponse d&rsquo;un adjoint: \u00c7a permet&nbsp; tout simplement (&#8230;) <a href=\"https:\/\/marcillylesbuxy.info\/index.php\/2024\/04\/03\/agglomeration-a-boujolles\/\"><strong>LA SUITE ICI<\/strong><\/a><\/li>\n<\/ul>\n<\/li>\n<\/ul>\n\n\n\n<ul class=\"wp-block-list\">\n<li><strong>Notre question: <\/strong>Comment la circulation douce en agglom\u00e9ration (cyclistes, pi\u00e9tons, \u2026) a-t-elle \u00e9t\u00e9 prise en compte ?&nbsp;\n<ul class=\"wp-block-list\">\n<li class=\"has-large-font-size\"><strong>R\u00e9ponse du maire:<\/strong> Les cyclistes n&rsquo;ont pas (&#8230;) <strong><a href=\"https:\/\/marcillylesbuxy.info\/index.php\/2024\/04\/03\/agglomeration-a-boujolles\/\">LA SUITE ICI<\/a><\/strong><\/li>\n<\/ul>\n<\/li>\n\n\n\n<li><strong>Notre question:<\/strong> Au regard du plan local d\u2019urbanisme intercommunal, est-il possible de modifier une agglom\u00e9ration urbaine en l\u2019\u00e9tendant dans une zone agricole ?\n<ul class=\"wp-block-list\">\n<li class=\"has-large-font-size\"><strong>R\u00e9ponse du maire:<\/strong> Je ne suis pas au courant (&#8230;) <strong><a href=\"https:\/\/marcillylesbuxy.info\/index.php\/2024\/04\/03\/agglomeration-a-boujolles\/\">LA SUITE ICI<\/a><\/strong><\/li>\n<\/ul>\n<\/li>\n<\/ul>\n\n\n\n<p class=\"has-text-color has-link-color has-large-font-size wp-elements-a6f6a85a69e0bb5f5c2774c05bdebb4f\" style=\"color:#2014e5\">5. &nbsp;&nbsp;Concernant la demande d\u2019un r\u00e9cup\u00e9rateur d\u2019eau par les enseignants pour l\u2019\u00e9cole :<\/p>\n\n\n\n<ul class=\"wp-block-list\">\n<li><strong>Notre question: <\/strong>La demande de l\u2019\u00e9cole \u00e9tait-elle purement pratique (n\u00e9cessit\u00e9 d\u2019avoir de l\u2019eau pour arroser des plantations) ou avait-elle une dimension p\u00e9dagogique (programmes scolaires relatifs \u00e0 la pr\u00e9servation de l\u2018environnement)?\n<ul class=\"wp-block-list\">\n<li class=\"has-large-font-size\"><strong>R\u00e9ponse du maire:<\/strong> J&rsquo;ai longuement d\u00e9battu (&#8230;) <strong><a href=\"https:\/\/marcillylesbuxy.info\/index.php\/2024\/04\/10\/pas-de-recuperateur-deau-pour-lecole\/\" data-type=\"link\" data-id=\"https:\/\/marcillylesbuxy.info\/index.php\/2024\/04\/10\/pas-de-recuperateur-deau-pour-lecole\/\">LA SUITE ICI<\/a><\/strong><\/li>\n<\/ul>\n<\/li>\n\n\n\n<li><strong>Notre question:<\/strong> peut-on conna\u00eetre les arguments de l&rsquo;\u00e9quipe p\u00e9dagogique?\n<ul class=\"wp-block-list\">\n<li class=\"has-large-font-size\"><strong>R\u00e9ponse du maire:<\/strong> Pour apprendre aux enfants \u00e0 r\u00e9cup\u00e9rer (&#8230;) <strong><a href=\"https:\/\/marcillylesbuxy.info\/index.php\/2024\/04\/10\/pas-de-recuperateur-deau-pour-lecole\/\">LA SUITE ICI<\/a><\/strong><\/li>\n<\/ul>\n<\/li>\n<\/ul>\n\n\n\n<p class=\"has-text-color has-link-color has-large-font-size wp-elements-ae9b38b96554bd52e79f3a3317f38c3f\" style=\"color:#2014e5\">6. Concernant la salle municipale F\u00e9lix Menager<\/p>\n\n\n\n<ul class=\"wp-block-list\">\n<li><strong>Notre question:<\/strong> Dans un courrier en date du 18 juin 2024, Monsieur le Maire nous fait savoir que \u00abpour l\u2019usage de la salle F\u00e9lix Menager : les associations du village peuvent en faire la demande \u00e0 la mairie \u00bb. Nous remercions Monsieur le Maire pour sa r\u00e9ponse ; cependant nous vous demandons&nbsp; d\u2019officialiser votre r\u00e9ponse&nbsp; en l\u2019inscrivant \u00e0 l\u2019ordre du jour de la prochaine r\u00e9union du conseil municipal et que le Conseil Municipal puisse d\u00e9lib\u00e9rer sur ce point de la m\u00eame fa\u00e7on que l\u2019acc\u00e8s avait \u00e9t\u00e9 retir\u00e9 lors de la r\u00e9union du 15 janvier 2021.&nbsp;\n<ul class=\"wp-block-list\">\n<li class=\"has-large-font-size\"><strong>R\u00e9ponse du maire:<\/strong> Je ne sais pas si une d\u00e9lib\u00e9ration (&#8230;) <strong><a href=\"https:\/\/marcillylesbuxy.info\/index.php\/2024\/06\/06\/quel-usage-de-la-salle-felix-menager\/\">LA SUITE ICI<\/a><\/strong><\/li>\n<\/ul>\n<\/li>\n<\/ul>\n\n\n\n<p class=\"has-text-color has-link-color has-large-font-size wp-elements-b7eff9fc767cf0584981b83a6acf4747\" style=\"color:#2014e5\">7. Concernant les  questions de nos adh\u00e9rents:<\/p>\n\n\n\n<ul class=\"wp-block-list\">\n<li><strong>Question: <\/strong>La mairie a-t-elle pr\u00e9vu une proc\u00e9dure pour prendre en compte les besoins des personnes \u00e2g\u00e9es , m\u00eame lorsque ces besoins ne sont pas exprim\u00e9s (difficult\u00e9s d&rsquo;acc\u00e8s aux outils num\u00e9riques, difficult\u00e9s de d\u00e9placement&#8230;)?\n<ul class=\"wp-block-list\">\n<li class=\"has-large-font-size\"><strong>R\u00e9ponse du maire:<\/strong> Il y a France Service pour \u00e7a (&#8230;) <strong><a href=\"https:\/\/marcillylesbuxy.info\/index.php\/questions-des-lecteurs\/\">LA SUITE ICI<\/a><\/strong><\/li>\n<\/ul>\n<\/li>\n<\/ul>\n\n\n\n<ul class=\"wp-block-list\">\n<li><strong>Question:<\/strong> La mairie va-t-elle fleurir le village et les commerces?\n<ul class=\"wp-block-list\">\n<li class=\"has-large-font-size\"><strong>R\u00e9ponse<\/strong> du maire: On fleurit d\u00e9j\u00e0 les (&#8230;) <\/li>\n<\/ul>\n<\/li>\n<\/ul>\n\n\n\n<ul class=\"wp-block-list\">\n<li><strong>Question:<\/strong> Les chemins publics&nbsp; en cours de d\u00e9gradation vont-ils \u00eatre entretenus (en particulier les chemins fl\u00e9ch\u00e9s)?&nbsp;\n<ul class=\"wp-block-list\">\n<li class=\"has-large-font-size\"><strong>R\u00e9ponse du maire:<\/strong> On en est tr\u00e8s conscient. <a href=\"https:\/\/marcillylesbuxy.info\/index.php\/questions-des-lecteurs\/des-exces-de-vitesse-dans-le-village\/\"><strong><strong><a href=\"https:\/\/marcillylesbuxy.info\/index.php\/questions-des-lecteurs\/\">LA SUITE ICI<\/a><\/strong><\/strong><\/a><\/li>\n<\/ul>\n<\/li>\n<\/ul>\n\n\n\n<ul class=\"wp-block-list\">\n<li><strong>Question:<\/strong> Quel entretien est pr\u00e9vu devant la salle F\u00e9lix Menager?&nbsp;\n<ul class=\"wp-block-list\">\n<li class=\"has-large-font-size\"><strong>R\u00e9ponse du maire: <\/strong>Le m\u00eame entretien que (&#8230;) <a href=\"https:\/\/marcillylesbuxy.info\/index.php\/questions-des-lecteurs\/des-exces-de-vitesse-dans-le-village\/\"><strong><strong><a href=\"https:\/\/marcillylesbuxy.info\/index.php\/questions-des-lecteurs\/\">LA SUITE ICI<\/a><\/strong><\/strong><\/a><\/li>\n<\/ul>\n<\/li>\n<\/ul>\n\n\n\n<ul class=\"wp-block-list\">\n<li><strong>Question:<\/strong> Quelle est la fr\u00e9quence de taille des arbres de la commune (Martrat, Baudots)?\n<ul class=\"wp-block-list\">\n<li class=\"has-large-font-size\"><strong>R\u00e9ponse du maire:<\/strong> Il n&rsquo;y a pas de plan (&#8230;) <a href=\"https:\/\/marcillylesbuxy.info\/index.php\/questions-des-lecteurs\/es-exces-de-vitesse-dans-le-village\/\"><strong><strong><a href=\"https:\/\/marcillylesbuxy.info\/index.php\/questions-des-lecteurs\/\">LA SUITE ICI<\/a><\/strong><\/strong><\/a><\/li>\n<\/ul>\n<\/li>\n<\/ul>\n\n\n\n<ul class=\"wp-block-list\">\n<li><strong>Question:<\/strong> Le terrain de p\u00e9tanque du Martrat va-t-il \u00eatre entretenu?&nbsp;\n<ul class=\"wp-block-list\">\n<li class=\"has-large-font-size\"><strong>R\u00e9ponse du maire:<\/strong> Oui il faudrait (&#8230;) <a href=\"https:\/\/marcillylesbuxy.info\/index.php\/questions-des-lecteurs\/\"><strong><strong><a href=\"https:\/\/marcillylesbuxy.info\/index.php\/questions-des-lecteurs\/\">LA SUITE ICI<\/a><\/strong><\/strong><\/a><\/li>\n<\/ul>\n<\/li>\n<\/ul>\n\n\n\n<ul class=\"wp-block-list\">\n<li><strong>Question:<\/strong>  Les panneaux d\u2019affichage publics dans les hameaux vont-ils \u00eatre remis en service?\n<ul class=\"wp-block-list\">\n<li class=\"has-large-font-size\"><strong>R\u00e9ponse du maire:<\/strong> Non pas pour l\u2019instant (&#8230;) <a href=\"https:\/\/marcillylesbuxy.info\/index.php\/questions-des-lecteurs\/\"><strong><strong><a href=\"https:\/\/marcillylesbuxy.info\/index.php\/questions-des-lecteurs\/\">LA SUITE ICI<\/a><\/strong><\/strong><\/a><\/li>\n<\/ul>\n<\/li>\n<\/ul>\n\n\n\n<p class=\"has-text-color has-link-color has-large-font-size wp-elements-371c184ed9c60474885470893894b908\" style=\"color:#2014e5\">8. Concernant les travaux de toiture sur l&rsquo;auberge du Cheval Blanc<\/p>\n\n\n\n<ul class=\"wp-block-list\">\n<li><strong>Question:<\/strong> &nbsp;En novembre 2022, le Conseil Municipal valide des travaux de toiture sur une partie du b\u00e2timent \u00ab le Cheval Blanc \u00bb. Ces travaux sont r\u00e9alis\u00e9s en janvier 2023 avec la couverture de couleur unie \u00abgris anthracite\u00bb ! Pourtant selon le PLU, les couvertures des habitations doivent \u00eatre ex\u00e9cut\u00e9es au moyen de tuiles plates, traditionnelles ou m\u00e9caniques de teintes nuanc\u00e9es, l\u00e9g\u00e8rement brunies, rouge fonc\u00e9, aspect patin\u00e9 (teintes traditionnelles de la r\u00e9gion). Pourquoi le Conseil Municipal a-t-il propos\u00e9 et valid\u00e9 ce choix de couverture qui ne respecte pas le PLU ?\n<ul class=\"wp-block-list\">\n<li class=\"has-large-font-size\"><strong>R\u00e9ponse du maire:<\/strong> C\u2019est de ma faute (&#8230;) <strong><a href=\"https:\/\/marcillylesbuxy.info\/index.php\/2024\/08\/26\/le-toit-de-lauberge-le-cheval-blanc\/\">LA SUITE ICI<\/a><\/strong><\/li>\n<\/ul>\n<\/li>\n<\/ul>\n\n\n\n<p class=\"has-text-color has-link-color has-large-font-size wp-elements-5c6f1cb8a92210b1b2b627e7f71d2c60\" style=\"color:#2014e5\">9. Concernant la fermeture de l&rsquo;auberge du Cheval Blanc<\/p>\n\n\n\n<ul class=\"wp-block-list\">\n<li><strong>Question:<\/strong> Vous avez adress\u00e9 une lettre de mise en demeure \u00e0 l\u2019exploitant de l\u2019auberge du \u201cCheval Blanc\u201d, qui a \u00e9t\u00e9 rendue publique. Ce courrier mentionne des probl\u00e8mes de s\u00e9curit\u00e9 dans l\u2019auberge, avec des risques d\u2019incendie: \u201cIl s\u2019av\u00e8re que l\u2019\u00e9tat des locaux de votre \u00e9tablissement pr\u00e9sente un danger pour les personnes qui l\u2019occupent. Des carences sur le plan de la s\u00e9curit\u00e9 incendie ont ainsi \u00e9t\u00e9 constat\u00e9es par rapport \u00e0 votre activit\u00e9.\u201d Vous demandez au locataire de fermer l\u2019auberge au plus tard le 28 ao\u00fbt 2024. <em>\u201c[&#8230;] je vous invite \u00e0 fermer votre \u00e9tablissement au plus tard le mercredi 28 ao\u00fbt 2024, faute de quoi je serai amen\u00e9 \u00e0 prononcer sa fermeture.\u201d<\/em> Or, \u00e0 ce jour, l\u2019auberge est toujours ouverte. Y a-t-il un danger dans cette auberge ou pas?\n<ul class=\"wp-block-list\">\n<li class=\"has-large-font-size\"><strong>R\u00e9ponse du maire: <\/strong>Je ne peux pas r\u00e9pondre \u00e0 (&#8230;) <strong><a href=\"https:\/\/marcillylesbuxy.info\/index.php\/2024\/09\/14\/fermeture-de-lauberge\/\">LA SUITE ICI<\/a><\/strong><\/li>\n<\/ul>\n<\/li>\n<\/ul>\n\n\n\n<p class=\"has-text-color has-link-color has-large-font-size wp-elements-49cbd12a44beb30ea4c961c4a460e0f5\" style=\"color:#2014e5\">10. Concernant l&rsquo;acquisition d&rsquo;une parcelle agricole<\/p>\n\n\n\n<ul class=\"wp-block-list\">\n<li><strong>Question:<\/strong> La question des co\u00fbts \u00e0 venir a-t-elle \u00e9t\u00e9 \u00e9tudi\u00e9e dans la perspective de rendre constructible cette parcelle? Le co\u00fbt du lagunage? Le co\u00fbt du raccordement de l&rsquo;assainissement? Le co\u00fbt de la voirie?&nbsp;Le co\u00fbt du raccordement \u00e9lectrique? Le montant de la prime d\u2019\u00e9viction \u00e0 venir si le terrain est lou\u00e9 \u00e0 un exploitant agricole?&nbsp; Quelle a \u00e9t\u00e9 la teneur des d\u00e9bats au conseil municipal concernant la question de l\u2019achat de la parcelle?&nbsp; Le conseil a-t-il \u00e9t\u00e9 inform\u00e9 des tenants et aboutissants de cet achat?\n<ul class=\"wp-block-list\">\n<li class=\"has-large-font-size\"><strong>R\u00e9ponse du maire: <\/strong>Aucune \u00e9tude n\u2019a \u00e9t\u00e9 faite. (&#8230;) <strong><a href=\"https:\/\/marcillylesbuxy.info\/index.php\/2024\/09\/15\/acquisition-dune-parcelle-agricole\/\">LA SUITE ICI<\/a><\/strong><br><\/li>\n<\/ul>\n<\/li>\n\n\n\n<li><strong>Notre question concernant la modification du PLUi vers Boujolles\/les Chenevi\u00e8res&nbsp;:<\/strong> Pourquoi le PLUi a \u00e9t\u00e9 modifi\u00e9 vers Boujolles\/les Chenevi\u00e8res, vers la mare aux Chauchas, avec un passage de zone naturelle en zone agricole&nbsp;? \n<ul class=\"wp-block-list\">\n<li class=\"has-large-font-size\"><strong>R\u00e9ponse du maire:<\/strong> ni le Maire, ni les Adjoints ne savent pourquoi le PLUi a \u00e9t\u00e9 modifi\u00e9 vers le hameau des Chenevi\u00e8res, permettant la nouvelle construction, diminuant la zone naturelle. <strong><a href=\"https:\/\/marcillylesbuxy.info\/index.php\/2024\/09\/15\/acquisition-dune-parcelle-agricole\/\">LA SUITE ICI<\/a><\/strong><\/li>\n<\/ul>\n<\/li>\n<\/ul>\n\n\n\n<p><\/p>\n","protected":false},"excerpt":{"rendered":"<p>Nos questions envoy\u00e9es par \u00e9crit restant sans r\u00e9ponse, nous avons demand\u00e9 \u00e0 voir le maire. Il nous a re\u00e7us jeudi 31 octobre 2024, avec deux adjoints et un conseiller municipal. Nous avons rappel\u00e9 chacune de nos questions rest\u00e9es sans r\u00e9ponse \u00e0 ce jour (presque toutes!), et quelques questions suppl\u00e9mentaires : 1. Concernant les exc\u00e8s de [&hellip;]<\/p>\n","protected":false},"author":1,"featured_media":0,"comment_status":"closed","ping_status":"open","sticky":false,"template":"","format":"standard","meta":{"_monsterinsights_skip_tracking":false,"_monsterinsights_sitenote_active":false,"_monsterinsights_sitenote_note":"","_monsterinsights_sitenote_category":0,"footnotes":""},"categories":[1],"tags":[],"class_list":["post-757","post","type-post","status-publish","format-standard","hentry","category-dossiers"],"_links":{"self":[{"href":"https:\/\/marcillylesbuxy.info\/index.php\/wp-json\/wp\/v2\/posts\/757","targetHints":{"allow":["GET"]}}],"collection":[{"href":"https:\/\/marcillylesbuxy.info\/index.php\/wp-json\/wp\/v2\/posts"}],"about":[{"href":"https:\/\/marcillylesbuxy.info\/index.php\/wp-json\/wp\/v2\/types\/post"}],"author":[{"embeddable":true,"href":"https:\/\/marcillylesbuxy.info\/index.php\/wp-json\/wp\/v2\/users\/1"}],"replies":[{"embeddable":true,"href":"https:\/\/marcillylesbuxy.info\/index.php\/wp-json\/wp\/v2\/comments?post=757"}],"version-history":[{"count":9,"href":"https:\/\/marcillylesbuxy.info\/index.php\/wp-json\/wp\/v2\/posts\/757\/revisions"}],"predecessor-version":[{"id":769,"href":"https:\/\/marcillylesbuxy.info\/index.php\/wp-json\/wp\/v2\/posts\/757\/revisions\/769"}],"wp:attachment":[{"href":"https:\/\/marcillylesbuxy.info\/index.php\/wp-json\/wp\/v2\/media?parent=757"}],"wp:term":[{"taxonomy":"category","embeddable":true,"href":"https:\/\/marcillylesbuxy.info\/index.php\/wp-json\/wp\/v2\/categories?post=757"},{"taxonomy":"post_tag","embeddable":true,"href":"https:\/\/marcillylesbuxy.info\/index.php\/wp-json\/wp\/v2\/tags?post=757"}],"curies":[{"name":"wp","href":"https:\/\/api.w.org\/{rel}","templated":true}]}}