{"id":805,"date":"2025-01-26T14:54:06","date_gmt":"2025-01-26T13:54:06","guid":{"rendered":"https:\/\/marcillylesbuxy.info\/?p=805"},"modified":"2025-01-29T09:09:14","modified_gmt":"2025-01-29T08:09:14","slug":"sobriete-budgetaire-et-indemnites-du-maire","status":"publish","type":"post","link":"https:\/\/marcillylesbuxy.info\/index.php\/2025\/01\/26\/sobriete-budgetaire-et-indemnites-du-maire\/","title":{"rendered":"Sobri\u00e9t\u00e9 budg\u00e9taire&#8230; et indemnit\u00e9s du maire?"},"content":{"rendered":"\n<p class=\"has-large-font-size\">Lors de ses v\u0153ux pour la nouvelle ann\u00e9e, le maire a expliqu\u00e9 qu&rsquo;une \u00ab\u00a0sobri\u00e9t\u00e9 budg\u00e9taire\u00a0\u00bb \u00e9tait n\u00e9cessaire. <\/p>\n\n\n\n<p class=\"has-large-font-size\">Pourtant, lors du 2\u00e8me conseil municipal de son mandat, le Maire propose l&rsquo;augmentation de son indemnit\u00e9, de celles des adjoints et la cr\u00e9ation d&rsquo;un 4\u00e8me poste d&rsquo;adjoint<\/p>\n\n\n\n<p class=\"has-text-align-center has-large-font-size\"><strong>Et pas une petite augmentation !<\/strong><\/p>\n\n\n\n<p class=\"has-text-align-center has-large-font-size\"> Co\u00fbt des indemnit\u00e9s brutes<\/p>\n\n\n\n<figure class=\"wp-block-table has-larger-font-size\"><table class=\"has-fixed-layout\"><thead><tr><th class=\"has-text-align-center\" data-align=\"center\"><strong>Mandat <\/strong><br><strong>pr\u00e9c\u00e9dent<\/strong> <br>(6 ans)<br><strong> Maire <\/strong><br><strong>+ 3 adjoints<\/strong><\/th><th class=\"has-text-align-center\" data-align=\"center\"><strong>Mandat <\/strong><br><strong>actuel<\/strong> <br>(6 ans)<br><strong>Maire <\/strong><br><strong>+ 4 adjoints<\/strong><\/th><\/tr><\/thead><tbody><tr><td class=\"has-text-align-center\" data-align=\"center\"><\/td><td class=\"has-text-align-center\" data-align=\"center\"><strong> <\/strong><\/td><\/tr><tr><td class=\"has-text-align-center\" data-align=\"center\"><strong>92 304 \u20ac <\/strong><\/td><td class=\"has-text-align-center\" data-align=\"center\"><strong>201 240 \u20ac<\/strong><\/td><\/tr><tr><td class=\"has-text-align-center\" data-align=\"center\"><\/td><td class=\"has-text-align-center\" data-align=\"center\"><\/td><\/tr><\/tbody><\/table><\/figure>\n\n\n\n<p><\/p>\n\n\n\n<p class=\"has-larger-font-size\">L&rsquo;augmentation des indemnit\u00e9s et la cr\u00e9ation d&rsquo;un 4\u00e8me poste d&rsquo;adjoint co\u00fbte donc aux habitants <mark style=\"background-color:rgba(0, 0, 0, 0);color:#e50909\" class=\"has-inline-color\">108 939 \u20ac<\/mark> sur 6 ans .<\/p>\n\n\n\n<p class=\"has-larger-font-size\">Les indemnit\u00e9s ont plus que doubl\u00e9 !<\/p>\n\n\n\n<p class=\"has-black-color has-text-color has-link-color has-larger-font-size wp-elements-04581153e5605defb09d3df0eb7ba811\">Sobri\u00e9t\u00e9 budg\u00e9taire? Pour les habitants, peut-\u00eatre, mais pas pour tout le monde !<\/p>\n\n\n\n<p class=\"has-larger-font-size\">108 939 \u20ac de d\u00e9penses en plus ! Pour quel service suppl\u00e9mentaire aux habitants?<\/p>\n\n\n\n<p class=\"has-text-align-center has-text-color has-link-color has-larger-font-size wp-elements-70fb7c11c4497c1ef1343ddf685569a0\" style=\"color:#0d1499\">Et vous, avec <strong>108 939 \u20ac<\/strong>, que feriez-vous pour la commune ? <\/p>\n\n\n\n<p class=\"has-text-align-center has-text-color has-link-color has-large-font-size wp-elements-e46837fd4f7a387cd7a15f13ae5d0f31\" style=\"color:#0d1499\">Cliquez en bas de page sur \u00ab\u00a0<strong>Laisser un commentaire<\/strong>\u00a0\u00bb pour faire vos propositions !<\/p>\n\n\n\n<hr class=\"wp-block-separator has-alpha-channel-opacity\"\/>\n\n\n\n<p class=\"has-text-align-center has-larger-font-size\">Pour mieux comprendre<\/p>\n\n\n<div class=\"wp-block-image\">\n<figure class=\"aligncenter size-full\"><img loading=\"lazy\" decoding=\"async\" width=\"150\" height=\"92\" src=\"https:\/\/marcillylesbuxy.info\/wp-content\/uploads\/2024\/03\/image.jpeg\" alt=\"\" class=\"wp-image-347\"\/><\/figure>\n<\/div>\n\n\n<figure class=\"wp-block-image size-full is-resized\"><img loading=\"lazy\" decoding=\"async\" width=\"871\" height=\"627\" src=\"https:\/\/marcillylesbuxy.info\/wp-content\/uploads\/2025\/01\/Extrait-PV-conseil-indeminites.jpg\" alt=\"\" class=\"wp-image-833\" style=\"width:532px;height:auto\" srcset=\"https:\/\/marcillylesbuxy.info\/wp-content\/uploads\/2025\/01\/Extrait-PV-conseil-indeminites.jpg 871w, https:\/\/marcillylesbuxy.info\/wp-content\/uploads\/2025\/01\/Extrait-PV-conseil-indeminites-300x216.jpg 300w, https:\/\/marcillylesbuxy.info\/wp-content\/uploads\/2025\/01\/Extrait-PV-conseil-indeminites-768x553.jpg 768w, https:\/\/marcillylesbuxy.info\/wp-content\/uploads\/2025\/01\/Extrait-PV-conseil-indeminites-508x366.jpg 508w\" sizes=\"auto, (max-width: 871px) 100vw, 871px\" \/><figcaption class=\"wp-element-caption\">Extrait du PV du conseil municipal<\/figcaption><\/figure>\n\n\n\n<p><\/p>\n\n\n\n<p class=\"has-larger-font-size\">Les indemnit\u00e9s des \u00e9lus : quel  est le principe g\u00e9n\u00e9ral? <\/p>\n\n\n\n<p>\u00ab\u00a0Le montant des indemnit\u00e9s de fonction des \u00e9lus locaux est fix\u00e9 en <strong>pourcentage du montant correspondant \u00e0 l\u2019indice brut terminal de l\u2019\u00e9chelle indiciaire de la fonction publique<\/strong> et varie selon l\u2019importance du mandat et de la population de la collectivit\u00e9.<\/p>\n\n\n\n<p>Les indemnit\u00e9s de fonction des \u00e9lus sont fix\u00e9es par l\u2019organe d\u00e9lib\u00e9rant dans les trois mois suivant son installation. Elles constituent une d\u00e9pense obligatoire pour la collectivit\u00e9.<\/p>\n\n\n\n<p>Ce principe a \u00e9t\u00e9 am\u00e9nag\u00e9 pour les communes puisqu\u2019elles sont tenues, en application de l\u2019article L. 2123-20-1 du code g\u00e9n\u00e9ral des collectivit\u00e9s territoriales (CGCT), d\u2019allouer \u00e0 leur maire l\u2019indemnit\u00e9 au taux maximal pr\u00e9vu par la loi, sauf si le conseil municipal en d\u00e9cide autrement, \u00e0 la demande du maire.\u00a0\u00bb<\/p>\n\n\n\n<p>A Marcilly-l\u00e8s-Buxy, les indemnit\u00e9s n&rsquo;\u00e9taient pas \u00e0 leur montant maximum pr\u00e9vu par la loi. Le conseil municipal a d\u00e9cid\u00e9, sur proposition du maire, d&rsquo;augmenter les indemnit\u00e9s au maximum possible.<\/p>\n\n\n\n<div data-wp-interactive=\"core\/file\" class=\"wp-block-file\"><object data-wp-bind--hidden=\"!state.hasPdfPreview\" hidden class=\"wp-block-file__embed\" data=\"https:\/\/marcillylesbuxy.info\/wp-content\/uploads\/2025\/01\/Comparaison-indemnites-conseil-actuel-VS-conseil-precedent.pdf\" type=\"application\/pdf\" style=\"width:100%;height:260px\" aria-label=\"Contenu embarqu\u00e9 Comparaison indemnit\u00e9s conseil actuel VS conseil pr\u00e9c\u00e9dent.\"><\/object><a id=\"wp-block-file--media-98150e70-6462-4e7d-a47c-a8a5e374c0a6\" href=\"https:\/\/marcillylesbuxy.info\/wp-content\/uploads\/2025\/01\/Comparaison-indemnites-conseil-actuel-VS-conseil-precedent.pdf\">Comparaison indemnit\u00e9s conseil actuel VS conseil pr\u00e9c\u00e9dent<\/a><a href=\"https:\/\/marcillylesbuxy.info\/wp-content\/uploads\/2025\/01\/Comparaison-indemnites-conseil-actuel-VS-conseil-precedent.pdf\" class=\"wp-block-file__button wp-element-button\" download aria-describedby=\"wp-block-file--media-98150e70-6462-4e7d-a47c-a8a5e374c0a6\">T\u00e9l\u00e9charger<\/a><\/div>\n\n\n\t<div id=\"respond\" class=\"comment-respond wp-block-post-comments-form\">\n\t\t<h3 id=\"reply-title\" class=\"comment-reply-title\">Laisser un commentaire <small><a rel=\"nofollow\" id=\"cancel-comment-reply-link\" href=\"\/index.php\/wp-json\/wp\/v2\/posts\/805#respond\" style=\"display:none;\">Annuler la r\u00e9ponse<\/a><\/small><\/h3><form action=\"https:\/\/marcillylesbuxy.info\/wp-comments-post.php\" method=\"post\" id=\"commentform\" class=\"comment-form\"><p class=\"comment-notes\"><span id=\"email-notes\">Votre adresse e-mail ne sera pas publi\u00e9e.<\/span> <span class=\"required-field-message\">Les champs obligatoires sont indiqu\u00e9s avec <span class=\"required\">*<\/span><\/span><\/p><p class=\"comment-form-comment\"><label for=\"comment\">Commentaire <span class=\"required\">*<\/span><\/label> <textarea id=\"comment\" name=\"comment\" cols=\"45\" rows=\"8\" maxlength=\"65525\" required=\"required\"><\/textarea><\/p><p class=\"comment-form-author\"><label for=\"author\">Nom <span class=\"required\">*<\/span><\/label> <input id=\"author\" name=\"author\" type=\"text\" value=\"\" size=\"30\" maxlength=\"245\" autocomplete=\"name\" required=\"required\" \/><\/p>\n<p class=\"comment-form-email\"><label for=\"email\">E-mail <span class=\"required\">*<\/span><\/label> <input id=\"email\" name=\"email\" type=\"text\" value=\"\" size=\"30\" maxlength=\"100\" aria-describedby=\"email-notes\" autocomplete=\"email\" required=\"required\" \/><\/p>\n<p class=\"comment-form-url\"><label for=\"url\">Site web<\/label> <input id=\"url\" name=\"url\" type=\"text\" value=\"\" size=\"30\" maxlength=\"200\" autocomplete=\"url\" \/><\/p>\n<p class=\"comment-form-cookies-consent\"><input id=\"wp-comment-cookies-consent\" name=\"wp-comment-cookies-consent\" type=\"checkbox\" value=\"yes\" \/> <label for=\"wp-comment-cookies-consent\">Enregistrer mon nom, mon e-mail et mon site dans le navigateur pour mon prochain commentaire.<\/label><\/p>\n<p class=\"comment-form-mailpoet\">\n      <label for=\"mailpoet_subscribe_on_comment\">\n        <input\n          type=\"checkbox\"\n          id=\"mailpoet_subscribe_on_comment\"\n          value=\"1\"\n          name=\"mailpoet[subscribe_on_comment]\"\n        \/>&nbsp;Oui, ajoutez-moi \u00e0 votre liste de diffusion.\n      <\/label>\n    <\/p><p class=\"form-submit\"><input name=\"submit\" type=\"submit\" id=\"submit\" class=\"submit\" value=\"Laisser un commentaire\" \/> <input type='hidden' name='comment_post_ID' value='805' id='comment_post_ID' \/>\n<input type='hidden' name='comment_parent' id='comment_parent' value='0' \/>\n<\/p><p style=\"display: none;\"><input type=\"hidden\" id=\"akismet_comment_nonce\" name=\"akismet_comment_nonce\" value=\"c19901dcad\" \/><\/p><p style=\"display: none !important;\" class=\"akismet-fields-container\" data-prefix=\"ak_\"><label>&#916;<textarea name=\"ak_hp_textarea\" cols=\"45\" rows=\"8\" maxlength=\"100\"><\/textarea><\/label><input type=\"hidden\" id=\"ak_js_1\" name=\"ak_js\" value=\"96\"\/><script type=\"text\/javascript\">\n\/* <![CDATA[ *\/\ndocument.getElementById( \"ak_js_1\" ).setAttribute( \"value\", ( new Date() ).getTime() );\n\/* ]]> *\/\n<\/script>\n<\/p><\/form>\t<\/div><!-- #respond -->\n\t<p class=\"akismet_comment_form_privacy_notice\">Ce site utilise Akismet pour r\u00e9duire les ind\u00e9sirables. <a href=\"https:\/\/akismet.com\/privacy\/\" target=\"_blank\" rel=\"nofollow noopener\">En savoir plus sur la fa\u00e7on dont les donn\u00e9es de vos commentaires sont trait\u00e9es<\/a>.<\/p>\n\n\n<div class=\"wp-block-comments\"><h2 id=\"comments\" class=\"wp-block-comments-title\">5 r\u00e9ponses \u00e0 &#8220;Sobri\u00e9t\u00e9 budg\u00e9taire&#8230; et indemnit\u00e9s du maire?&#8221;<\/h2>\n\n<ol class=\"wp-block-comment-template\"><li id=\"comment-447\" class=\"comment even thread-even depth-1\">\n\n<div class=\"wp-block-columns is-layout-flex wp-container-core-columns-is-layout-9d6595d7 wp-block-columns-is-layout-flex\">\n<div class=\"wp-block-column is-layout-flow wp-block-column-is-layout-flow\" style=\"flex-basis:40px\"><div class=\"wp-block-avatar\"><img alt='Avatar de Philippe ROBERT' src='https:\/\/secure.gravatar.com\/avatar\/dcdaa63176ae18f1f9a7f6c1743a1f1309366d9d6e4a9837cdd5de789e5abbc0?s=40&#038;d=mm&#038;r=g' srcset='https:\/\/secure.gravatar.com\/avatar\/dcdaa63176ae18f1f9a7f6c1743a1f1309366d9d6e4a9837cdd5de789e5abbc0?s=80&#038;d=mm&#038;r=g 2x' class='avatar avatar-40 photo wp-block-avatar__image' height='40' width='40'  style=\"border-radius:20px;\"\/><\/div><\/div>\n\n\n\n<div class=\"wp-block-column is-layout-flow wp-block-column-is-layout-flow\"><div class=\"wp-block-comment-author-name has-small-font-size\">Philippe ROBERT<\/div>\n\n\n<div class=\"wp-block-group is-layout-flex wp-block-group-is-layout-flex\" style=\"margin-top:0px;margin-bottom:0px\"><div class=\"wp-block-comment-date has-small-font-size\"><time datetime=\"2025-05-12T11:54:37+02:00\"><a href=\"https:\/\/marcillylesbuxy.info\/index.php\/2025\/01\/26\/sobriete-budgetaire-et-indemnites-du-maire\/#comment-447\">12 mai 2025<\/a><\/time><\/div>\n\n<\/div>\n\n\n<div class=\"wp-block-comment-content\"><p>Si j\u2019ai bien compris :<br \/>\nIndemnit\u00e9 du maire : maxi 1.567 \u20ac\/mois, vot\u00e9e par le conseil municipal. Votre analyse \u00e9voque 1.355 \u20ac\/mois. A quoi correspond l\u2019\u00e9cart ?<br \/>\nIdem pour l\u2019indemnit\u00e9 des adjoints : maxi 416 \u20ac\/mois vs 360 \u20ac\/mois dans votre document.<br \/>\nEn soi, l\u2019augmentation ne me choque pas. Par contre, la prestation doit \u00eatre maximum, comme les indemnit\u00e9s, ce qui ne semble pas \u00eatre le cas &#8230;<br \/>\nA cet \u00e9gard, et entre autres stupidit\u00e9s, la mise en place de panneaux \u00ab\u00a0Stop\u00a0\u00bb \u00e0 Boujolle est d\u2019une b\u00eatise sans nom &#8230;<\/p>\n<\/div>\n\n<div class=\"wp-block-comment-reply-link has-small-font-size\"><a rel=\"nofollow\" class=\"comment-reply-link\" href=\"https:\/\/marcillylesbuxy.info\/index.php\/2025\/01\/26\/sobriete-budgetaire-et-indemnites-du-maire\/?replytocom=447#respond\" data-commentid=\"447\" data-postid=\"805\" data-belowelement=\"comment-447\" data-respondelement=\"respond\" data-replyto=\"R\u00e9pondre \u00e0 Philippe ROBERT\" aria-label=\"R\u00e9pondre \u00e0 Philippe ROBERT\">R\u00e9pondre<\/a><\/div><\/div>\n<\/div>\n\n<ol><li id=\"comment-449\" class=\"comment byuser comment-author-admin1598 bypostauthor odd alt depth-2\">\n\n<div class=\"wp-block-columns is-layout-flex wp-container-core-columns-is-layout-9d6595d7 wp-block-columns-is-layout-flex\">\n<div class=\"wp-block-column is-layout-flow wp-block-column-is-layout-flow\" style=\"flex-basis:40px\"><div class=\"wp-block-avatar\"><img alt='Avatar de admin1598' src='https:\/\/secure.gravatar.com\/avatar\/5db527d436f6c6d4894e06bd9edca4bda51e52ad608da3ade6a4ffa2a881ce35?s=40&#038;d=mm&#038;r=g' srcset='https:\/\/secure.gravatar.com\/avatar\/5db527d436f6c6d4894e06bd9edca4bda51e52ad608da3ade6a4ffa2a881ce35?s=80&#038;d=mm&#038;r=g 2x' class='avatar avatar-40 photo wp-block-avatar__image' height='40' width='40'  style=\"border-radius:20px;\"\/><\/div><\/div>\n\n\n\n<div class=\"wp-block-column is-layout-flow wp-block-column-is-layout-flow\"><div class=\"wp-block-comment-author-name has-small-font-size\"><a rel=\"external nofollow ugc\" href=\"https:\/\/marcillylesbuxy.info\" target=\"_self\" >admin1598<\/a><\/div>\n\n\n<div class=\"wp-block-group is-layout-flex wp-block-group-is-layout-flex\" style=\"margin-top:0px;margin-bottom:0px\"><div class=\"wp-block-comment-date has-small-font-size\"><time datetime=\"2025-05-14T16:15:53+02:00\"><a href=\"https:\/\/marcillylesbuxy.info\/index.php\/2025\/01\/26\/sobriete-budgetaire-et-indemnites-du-maire\/#comment-449\">14 mai 2025<\/a><\/time><\/div>\n\n<\/div>\n\n\n<div class=\"wp-block-comment-content\"><p>Les indemnit\u00e9s de Maire et Adjoints &#8211;  1567\u20ac\/mois et 416\u20ac\/mois &#8211; sont les indemnit\u00e9s brutes. Bien qu\u2019il s\u2019agisse d\u2019indemnit\u00e9s, il y a quand m\u00eame quelques cotisations obligatoires URSSAF et IRCANTEC, diminuant donc les indemnit\u00e9s vers\u00e9es aux \u00e9lus :<br \/>\n1 355\u20ac et 360\u20ac. Ces montants fluctuent en fonction de ces cotisations obligatoires et des l\u00e9g\u00e8res augmentations d\u2019indemnit\u00e9s.<br \/>\nConcernant cette augmentation des indemnit\u00e9s des \u00e9lus au taux maximum (ne pas oublier que loi permet de les adapter, voire de ne pas en prendre), nous sommes bien d\u2019accord : dans le cas du choix maximum du droit, la prestation devrait bien \u00eatre au maximum&#8230;<\/p>\n<\/div>\n\n<div class=\"wp-block-comment-reply-link has-small-font-size\"><a rel=\"nofollow\" class=\"comment-reply-link\" href=\"https:\/\/marcillylesbuxy.info\/index.php\/2025\/01\/26\/sobriete-budgetaire-et-indemnites-du-maire\/?replytocom=449#respond\" data-commentid=\"449\" data-postid=\"805\" data-belowelement=\"comment-449\" data-respondelement=\"respond\" data-replyto=\"R\u00e9pondre \u00e0 admin1598\" aria-label=\"R\u00e9pondre \u00e0 admin1598\">R\u00e9pondre<\/a><\/div><\/div>\n<\/div>\n\n<ol><li id=\"comment-451\" class=\"comment even depth-3\">\n\n<div class=\"wp-block-columns is-layout-flex wp-container-core-columns-is-layout-9d6595d7 wp-block-columns-is-layout-flex\">\n<div class=\"wp-block-column is-layout-flow wp-block-column-is-layout-flow\" style=\"flex-basis:40px\"><div class=\"wp-block-avatar\"><img alt='Avatar de Philippe ROBERT' src='https:\/\/secure.gravatar.com\/avatar\/dcdaa63176ae18f1f9a7f6c1743a1f1309366d9d6e4a9837cdd5de789e5abbc0?s=40&#038;d=mm&#038;r=g' srcset='https:\/\/secure.gravatar.com\/avatar\/dcdaa63176ae18f1f9a7f6c1743a1f1309366d9d6e4a9837cdd5de789e5abbc0?s=80&#038;d=mm&#038;r=g 2x' class='avatar avatar-40 photo wp-block-avatar__image' height='40' width='40'  style=\"border-radius:20px;\"\/><\/div><\/div>\n\n\n\n<div class=\"wp-block-column is-layout-flow wp-block-column-is-layout-flow\"><div class=\"wp-block-comment-author-name has-small-font-size\">Philippe ROBERT<\/div>\n\n\n<div class=\"wp-block-group is-layout-flex wp-block-group-is-layout-flex\" style=\"margin-top:0px;margin-bottom:0px\"><div class=\"wp-block-comment-date has-small-font-size\"><time datetime=\"2025-05-15T10:56:49+02:00\"><a href=\"https:\/\/marcillylesbuxy.info\/index.php\/2025\/01\/26\/sobriete-budgetaire-et-indemnites-du-maire\/#comment-451\">15 mai 2025<\/a><\/time><\/div>\n\n<\/div>\n\n\n<div class=\"wp-block-comment-content\"><p>Bonjour,<br \/>\nMerci pour votre r\u00e9ponse.<br \/>\nUne solution pour r\u00e9duire le co\u00fbt des indemnit\u00e9s de maire et d\u2019adjoint : regrouper les communes !<br \/>\nAu lieu de cela, on a cr\u00e9\u00e9 il y a quelques ann\u00e9es  une communaut\u00e9 de communes, en sus du tissu communal.<br \/>\nDe telles exp\u00e9riences existent en France, qui compte environ 32.000 communes, soit autant  que l\u2019ensemble des autres pays de l\u2019Union Europ\u00e9enne !<br \/>\nOn pourrait imaginer de regrouper Marcilly, Cersot, Saint Martin d\u2019Auxy, Saint Priv\u00e9 et Savianges, mais je r\u00eave sans doute &#8230;<\/p>\n<\/div>\n\n<div class=\"wp-block-comment-reply-link has-small-font-size\"><a rel=\"nofollow\" class=\"comment-reply-link\" href=\"https:\/\/marcillylesbuxy.info\/index.php\/2025\/01\/26\/sobriete-budgetaire-et-indemnites-du-maire\/?replytocom=451#respond\" data-commentid=\"451\" data-postid=\"805\" data-belowelement=\"comment-451\" data-respondelement=\"respond\" data-replyto=\"R\u00e9pondre \u00e0 Philippe ROBERT\" aria-label=\"R\u00e9pondre \u00e0 Philippe ROBERT\">R\u00e9pondre<\/a><\/div><\/div>\n<\/div>\n\n<ol><li id=\"comment-459\" class=\"comment byuser comment-author-admin1598 bypostauthor odd alt depth-4\">\n\n<div class=\"wp-block-columns is-layout-flex wp-container-core-columns-is-layout-9d6595d7 wp-block-columns-is-layout-flex\">\n<div class=\"wp-block-column is-layout-flow wp-block-column-is-layout-flow\" style=\"flex-basis:40px\"><div class=\"wp-block-avatar\"><img alt='Avatar de Association Information Citoyenne Marcilly les Buxy' src='https:\/\/secure.gravatar.com\/avatar\/5db527d436f6c6d4894e06bd9edca4bda51e52ad608da3ade6a4ffa2a881ce35?s=40&#038;d=mm&#038;r=g' srcset='https:\/\/secure.gravatar.com\/avatar\/5db527d436f6c6d4894e06bd9edca4bda51e52ad608da3ade6a4ffa2a881ce35?s=80&#038;d=mm&#038;r=g 2x' class='avatar avatar-40 photo wp-block-avatar__image' height='40' width='40'  style=\"border-radius:20px;\"\/><\/div><\/div>\n\n\n\n<div class=\"wp-block-column is-layout-flow wp-block-column-is-layout-flow\"><div class=\"wp-block-comment-author-name has-small-font-size\"><a rel=\"external nofollow ugc\" href=\"https:\/\/marcillylesbuxy.info\" target=\"_self\" >Association Information Citoyenne Marcilly les Buxy<\/a><\/div>\n\n\n<div class=\"wp-block-group is-layout-flex wp-block-group-is-layout-flex\" style=\"margin-top:0px;margin-bottom:0px\"><div class=\"wp-block-comment-date has-small-font-size\"><time datetime=\"2025-05-18T09:36:09+02:00\"><a href=\"https:\/\/marcillylesbuxy.info\/index.php\/2025\/01\/26\/sobriete-budgetaire-et-indemnites-du-maire\/#comment-459\">18 mai 2025<\/a><\/time><\/div>\n\n<\/div>\n\n\n<div class=\"wp-block-comment-content\"><p>Le d\u00e9bat est ouvert !<\/p>\n<\/div>\n\n<div class=\"wp-block-comment-reply-link has-small-font-size\"><a rel=\"nofollow\" class=\"comment-reply-link\" href=\"https:\/\/marcillylesbuxy.info\/index.php\/2025\/01\/26\/sobriete-budgetaire-et-indemnites-du-maire\/?replytocom=459#respond\" data-commentid=\"459\" data-postid=\"805\" data-belowelement=\"comment-459\" data-respondelement=\"respond\" data-replyto=\"R\u00e9pondre \u00e0 Association Information Citoyenne Marcilly les Buxy\" aria-label=\"R\u00e9pondre \u00e0 Association Information Citoyenne Marcilly les Buxy\">R\u00e9pondre<\/a><\/div><\/div>\n<\/div>\n\n<\/li><\/ol><\/li><\/ol><\/li><\/ol><\/li><li id=\"comment-297\" class=\"comment even thread-odd thread-alt depth-1\">\n\n<div class=\"wp-block-columns is-layout-flex wp-container-core-columns-is-layout-9d6595d7 wp-block-columns-is-layout-flex\">\n<div class=\"wp-block-column is-layout-flow wp-block-column-is-layout-flow\" style=\"flex-basis:40px\"><div class=\"wp-block-avatar\"><img alt='Avatar de Lydie Billon' src='https:\/\/secure.gravatar.com\/avatar\/7e92f3606b91f4eb841ca75dde6fbd9398a4fb291dfc2af7da3e6df8510dd1b0?s=40&#038;d=mm&#038;r=g' srcset='https:\/\/secure.gravatar.com\/avatar\/7e92f3606b91f4eb841ca75dde6fbd9398a4fb291dfc2af7da3e6df8510dd1b0?s=80&#038;d=mm&#038;r=g 2x' class='avatar avatar-40 photo wp-block-avatar__image' height='40' width='40'  style=\"border-radius:20px;\"\/><\/div><\/div>\n\n\n\n<div class=\"wp-block-column is-layout-flow wp-block-column-is-layout-flow\"><div class=\"wp-block-comment-author-name has-small-font-size\">Lydie Billon<\/div>\n\n\n<div class=\"wp-block-group is-layout-flex wp-block-group-is-layout-flex\" style=\"margin-top:0px;margin-bottom:0px\"><div class=\"wp-block-comment-date has-small-font-size\"><time datetime=\"2025-01-28T12:22:36+01:00\"><a href=\"https:\/\/marcillylesbuxy.info\/index.php\/2025\/01\/26\/sobriete-budgetaire-et-indemnites-du-maire\/#comment-297\">28 janvier 2025<\/a><\/time><\/div>\n\n<\/div>\n\n\n<div class=\"wp-block-comment-content\"><p>Avec cette somme il y a le choix :<br \/>\n-Renover le Fournil<br \/>\n-Bac de r\u00e9ception d&rsquo;eau pour l&rsquo;\u00e9cole<br \/>\n-Am\u00e9nager  un endroit pour les poubelles des commerces<br \/>\n-Replanter des arbres sur les deux places du village<br \/>\n-Remettre \u00e0 disposition une benne \u00e0 d\u00e9chets verts .<br \/>\n-faire une plonge pour le restaurant scolaire<\/p>\n<\/div>\n\n<div class=\"wp-block-comment-reply-link has-small-font-size\"><a rel=\"nofollow\" class=\"comment-reply-link\" href=\"https:\/\/marcillylesbuxy.info\/index.php\/2025\/01\/26\/sobriete-budgetaire-et-indemnites-du-maire\/?replytocom=297#respond\" data-commentid=\"297\" data-postid=\"805\" data-belowelement=\"comment-297\" data-respondelement=\"respond\" data-replyto=\"R\u00e9pondre \u00e0 Lydie Billon\" aria-label=\"R\u00e9pondre \u00e0 Lydie Billon\">R\u00e9pondre<\/a><\/div><\/div>\n<\/div>\n\n<\/li><\/ol>\n\n\n\n\t<div id=\"respond\" class=\"comment-respond wp-block-post-comments-form\">\n\t\t<h3 id=\"reply-title\" class=\"comment-reply-title\">Laisser un commentaire <small><a rel=\"nofollow\" id=\"cancel-comment-reply-link\" href=\"\/index.php\/wp-json\/wp\/v2\/posts\/805#respond\" style=\"display:none;\">Annuler la r\u00e9ponse<\/a><\/small><\/h3><form action=\"https:\/\/marcillylesbuxy.info\/wp-comments-post.php\" method=\"post\" id=\"commentform\" class=\"comment-form\"><p class=\"comment-notes\"><span id=\"email-notes\">Votre adresse e-mail ne sera pas publi\u00e9e.<\/span> <span class=\"required-field-message\">Les champs obligatoires sont indiqu\u00e9s avec <span class=\"required\">*<\/span><\/span><\/p><p class=\"comment-form-comment\"><label for=\"comment\">Commentaire <span class=\"required\">*<\/span><\/label> <textarea id=\"comment\" name=\"comment\" cols=\"45\" rows=\"8\" maxlength=\"65525\" required=\"required\"><\/textarea><\/p><p class=\"comment-form-author\"><label for=\"author\">Nom <span class=\"required\">*<\/span><\/label> <input id=\"author\" name=\"author\" type=\"text\" value=\"\" size=\"30\" maxlength=\"245\" autocomplete=\"name\" required=\"required\" \/><\/p>\n<p class=\"comment-form-email\"><label for=\"email\">E-mail <span class=\"required\">*<\/span><\/label> <input id=\"email\" name=\"email\" type=\"text\" value=\"\" size=\"30\" maxlength=\"100\" aria-describedby=\"email-notes\" autocomplete=\"email\" required=\"required\" \/><\/p>\n<p class=\"comment-form-url\"><label for=\"url\">Site web<\/label> <input id=\"url\" name=\"url\" type=\"text\" value=\"\" size=\"30\" maxlength=\"200\" autocomplete=\"url\" \/><\/p>\n<p class=\"comment-form-cookies-consent\"><input id=\"wp-comment-cookies-consent\" name=\"wp-comment-cookies-consent\" type=\"checkbox\" value=\"yes\" \/> <label for=\"wp-comment-cookies-consent\">Enregistrer mon nom, mon e-mail et mon site dans le navigateur pour mon prochain commentaire.<\/label><\/p>\n<p class=\"comment-form-mailpoet\">\n      <label for=\"mailpoet_subscribe_on_comment\">\n        <input\n          type=\"checkbox\"\n          id=\"mailpoet_subscribe_on_comment\"\n          value=\"1\"\n          name=\"mailpoet[subscribe_on_comment]\"\n        \/>&nbsp;Oui, ajoutez-moi \u00e0 votre liste de diffusion.\n      <\/label>\n    <\/p><p class=\"form-submit\"><input name=\"submit\" type=\"submit\" id=\"submit\" class=\"submit\" value=\"Laisser un commentaire\" \/> <input type='hidden' name='comment_post_ID' value='805' id='comment_post_ID' \/>\n<input type='hidden' name='comment_parent' id='comment_parent' value='0' \/>\n<\/p><p style=\"display: none;\"><input type=\"hidden\" id=\"akismet_comment_nonce\" name=\"akismet_comment_nonce\" value=\"c19901dcad\" \/><\/p><p style=\"display: none !important;\" class=\"akismet-fields-container\" data-prefix=\"ak_\"><label>&#916;<textarea name=\"ak_hp_textarea\" cols=\"45\" rows=\"8\" maxlength=\"100\"><\/textarea><\/label><input type=\"hidden\" id=\"ak_js_2\" name=\"ak_js\" value=\"237\"\/><script type=\"text\/javascript\">\n\/* <![CDATA[ *\/\ndocument.getElementById( \"ak_js_2\" ).setAttribute( \"value\", ( new Date() ).getTime() );\n\/* ]]> *\/\n<\/script>\n<\/p><\/form>\t<\/div><!-- #respond -->\n\t<p class=\"akismet_comment_form_privacy_notice\">Ce site utilise Akismet pour r\u00e9duire les ind\u00e9sirables. <a href=\"https:\/\/akismet.com\/privacy\/\" target=\"_blank\" rel=\"nofollow noopener\">En savoir plus sur la fa\u00e7on dont les donn\u00e9es de vos commentaires sont trait\u00e9es<\/a>.<\/p><\/div>\n","protected":false},"excerpt":{"rendered":"<p>Lors de ses v\u0153ux pour la nouvelle ann\u00e9e, le maire a expliqu\u00e9 qu&rsquo;une \u00ab\u00a0sobri\u00e9t\u00e9 budg\u00e9taire\u00a0\u00bb \u00e9tait n\u00e9cessaire. Pourtant, lors du 2\u00e8me conseil municipal de son mandat, le Maire propose l&rsquo;augmentation de son indemnit\u00e9, de celles des adjoints et la cr\u00e9ation d&rsquo;un 4\u00e8me poste d&rsquo;adjoint Et pas une petite augmentation ! Co\u00fbt des indemnit\u00e9s brutes Mandat [&hellip;]<\/p>\n","protected":false},"author":1,"featured_media":0,"comment_status":"open","ping_status":"open","sticky":false,"template":"","format":"standard","meta":{"_monsterinsights_skip_tracking":false,"_monsterinsights_sitenote_active":false,"_monsterinsights_sitenote_note":"","_monsterinsights_sitenote_category":0,"footnotes":""},"categories":[1],"tags":[],"class_list":["post-805","post","type-post","status-publish","format-standard","hentry","category-dossiers"],"_links":{"self":[{"href":"https:\/\/marcillylesbuxy.info\/index.php\/wp-json\/wp\/v2\/posts\/805","targetHints":{"allow":["GET"]}}],"collection":[{"href":"https:\/\/marcillylesbuxy.info\/index.php\/wp-json\/wp\/v2\/posts"}],"about":[{"href":"https:\/\/marcillylesbuxy.info\/index.php\/wp-json\/wp\/v2\/types\/post"}],"author":[{"embeddable":true,"href":"https:\/\/marcillylesbuxy.info\/index.php\/wp-json\/wp\/v2\/users\/1"}],"replies":[{"embeddable":true,"href":"https:\/\/marcillylesbuxy.info\/index.php\/wp-json\/wp\/v2\/comments?post=805"}],"version-history":[{"count":22,"href":"https:\/\/marcillylesbuxy.info\/index.php\/wp-json\/wp\/v2\/posts\/805\/revisions"}],"predecessor-version":[{"id":835,"href":"https:\/\/marcillylesbuxy.info\/index.php\/wp-json\/wp\/v2\/posts\/805\/revisions\/835"}],"wp:attachment":[{"href":"https:\/\/marcillylesbuxy.info\/index.php\/wp-json\/wp\/v2\/media?parent=805"}],"wp:term":[{"taxonomy":"category","embeddable":true,"href":"https:\/\/marcillylesbuxy.info\/index.php\/wp-json\/wp\/v2\/categories?post=805"},{"taxonomy":"post_tag","embeddable":true,"href":"https:\/\/marcillylesbuxy.info\/index.php\/wp-json\/wp\/v2\/tags?post=805"}],"curies":[{"name":"wp","href":"https:\/\/api.w.org\/{rel}","templated":true}]}}