{"id":842,"date":"2025-02-26T20:26:14","date_gmt":"2025-02-26T19:26:14","guid":{"rendered":"https:\/\/marcillylesbuxy.info\/?p=842"},"modified":"2025-02-27T17:37:44","modified_gmt":"2025-02-27T16:37:44","slug":"les-nouveaux-horaires-douverture-de-la-mairie-et-de-lagence-postale","status":"publish","type":"post","link":"https:\/\/marcillylesbuxy.info\/index.php\/2025\/02\/26\/les-nouveaux-horaires-douverture-de-la-mairie-et-de-lagence-postale\/","title":{"rendered":"Les nouveaux horaires d&rsquo;ouverture de la mairie et de l&rsquo;agence postale"},"content":{"rendered":"<div class=\"wp-block-image\">\n<figure class=\"aligncenter size-full is-resized\"><img loading=\"lazy\" decoding=\"async\" width=\"912\" height=\"1020\" src=\"https:\/\/marcillylesbuxy.info\/wp-content\/uploads\/2025\/02\/nouveaux-horaires.jpg\" alt=\"\" class=\"wp-image-844\" style=\"width:275px;height:auto\" srcset=\"https:\/\/marcillylesbuxy.info\/wp-content\/uploads\/2025\/02\/nouveaux-horaires.jpg 912w, https:\/\/marcillylesbuxy.info\/wp-content\/uploads\/2025\/02\/nouveaux-horaires-268x300.jpg 268w, https:\/\/marcillylesbuxy.info\/wp-content\/uploads\/2025\/02\/nouveaux-horaires-768x859.jpg 768w, https:\/\/marcillylesbuxy.info\/wp-content\/uploads\/2025\/02\/nouveaux-horaires-508x568.jpg 508w\" sizes=\"auto, (max-width: 912px) 100vw, 912px\" \/><\/figure>\n<\/div>\n\n\n<p class=\"has-large-font-size\">Les nouveaux horaires \u00e0 partir du 10 mars:   8h45 par semaine ! Auparavant, c&rsquo;\u00e9tait 15h45 !<\/p>\n\n\n\n<p class=\"has-large-font-size\">Nous aurons donc une mairie et une agence postale ouvertes \u00e0 des horaires inaccessibles pour les actifs! C&rsquo;est un peu comme si on ouvrait une garderie scolaire de 15 \u00e0 16h pendant la classe. Il n&rsquo;y aurait pas grand monde&#8230; <strong>Est-ce le but !?<\/strong> <\/p>\n\n\n<div class=\"wp-block-image\">\n<figure class=\"aligncenter size-full\"><img loading=\"lazy\" decoding=\"async\" width=\"150\" height=\"92\" src=\"https:\/\/marcillylesbuxy.info\/wp-content\/uploads\/2024\/03\/image.jpeg\" alt=\"\" class=\"wp-image-347\"\/><\/figure>\n<\/div>\n\n<div class=\"wp-block-image\">\n<figure class=\"aligncenter size-full is-resized\"><img loading=\"lazy\" decoding=\"async\" width=\"104\" height=\"118\" src=\"https:\/\/marcillylesbuxy.info\/wp-content\/uploads\/2024\/04\/image-2.jpeg\" alt=\"\" class=\"wp-image-484\" style=\"width:72px;height:auto\"\/><\/figure>\n<\/div>\n\n\n<p class=\"has-text-align-center has-large-font-size\"><strong>Pour aller plus loin<\/strong><\/p>\n\n\n\n<p>Voici les horaires des communes de la CCSCC et de St-Micaud: Vous constaterez que la plupart des horaires d&rsquo;ouverture sont compatibles avec disponibilit\u00e9s des actifs.<\/p>\n\n\n\n<div data-wp-interactive=\"core\/file\" class=\"wp-block-file\"><object data-wp-bind--hidden=\"!state.hasPdfPreview\" hidden class=\"wp-block-file__embed\" data=\"https:\/\/marcillylesbuxy.info\/wp-content\/uploads\/2025\/02\/Ouverture-de-la-mairie-et-de-lagence-postale.pdf\" type=\"application\/pdf\" style=\"width:100%;height:600px\" aria-label=\"Contenu embarqu\u00e9 Ouverture de la mairie et de l&apos;agence postale.\"><\/object><a id=\"wp-block-file--media-a3f2d9f6-1a77-4b37-8b3a-bf17eb3c013e\" href=\"https:\/\/marcillylesbuxy.info\/wp-content\/uploads\/2025\/02\/Ouverture-de-la-mairie-et-de-lagence-postale.pdf\">Ouverture de la mairie et de l&rsquo;agence postale<\/a><a href=\"https:\/\/marcillylesbuxy.info\/wp-content\/uploads\/2025\/02\/Ouverture-de-la-mairie-et-de-lagence-postale.pdf\" class=\"wp-block-file__button wp-element-button\" download aria-describedby=\"wp-block-file--media-a3f2d9f6-1a77-4b37-8b3a-bf17eb3c013e\">T\u00e9l\u00e9charger<\/a><\/div>\n\n\n\n<p><\/p>\n","protected":false},"excerpt":{"rendered":"<p>Les nouveaux horaires \u00e0 partir du 10 mars: 8h45 par semaine ! Auparavant, c&rsquo;\u00e9tait 15h45 ! Nous aurons donc une mairie et une agence postale ouvertes \u00e0 des horaires inaccessibles pour les actifs! C&rsquo;est un peu comme si on ouvrait une garderie scolaire de 15 \u00e0 16h pendant la classe. Il n&rsquo;y aurait pas grand [&hellip;]<\/p>\n","protected":false},"author":1,"featured_media":0,"comment_status":"closed","ping_status":"open","sticky":false,"template":"","format":"standard","meta":{"_monsterinsights_skip_tracking":false,"_monsterinsights_sitenote_active":false,"_monsterinsights_sitenote_note":"","_monsterinsights_sitenote_category":0,"footnotes":""},"categories":[1],"tags":[],"class_list":["post-842","post","type-post","status-publish","format-standard","hentry","category-dossiers"],"_links":{"self":[{"href":"https:\/\/marcillylesbuxy.info\/index.php\/wp-json\/wp\/v2\/posts\/842","targetHints":{"allow":["GET"]}}],"collection":[{"href":"https:\/\/marcillylesbuxy.info\/index.php\/wp-json\/wp\/v2\/posts"}],"about":[{"href":"https:\/\/marcillylesbuxy.info\/index.php\/wp-json\/wp\/v2\/types\/post"}],"author":[{"embeddable":true,"href":"https:\/\/marcillylesbuxy.info\/index.php\/wp-json\/wp\/v2\/users\/1"}],"replies":[{"embeddable":true,"href":"https:\/\/marcillylesbuxy.info\/index.php\/wp-json\/wp\/v2\/comments?post=842"}],"version-history":[{"count":5,"href":"https:\/\/marcillylesbuxy.info\/index.php\/wp-json\/wp\/v2\/posts\/842\/revisions"}],"predecessor-version":[{"id":856,"href":"https:\/\/marcillylesbuxy.info\/index.php\/wp-json\/wp\/v2\/posts\/842\/revisions\/856"}],"wp:attachment":[{"href":"https:\/\/marcillylesbuxy.info\/index.php\/wp-json\/wp\/v2\/media?parent=842"}],"wp:term":[{"taxonomy":"category","embeddable":true,"href":"https:\/\/marcillylesbuxy.info\/index.php\/wp-json\/wp\/v2\/categories?post=842"},{"taxonomy":"post_tag","embeddable":true,"href":"https:\/\/marcillylesbuxy.info\/index.php\/wp-json\/wp\/v2\/tags?post=842"}],"curies":[{"name":"wp","href":"https:\/\/api.w.org\/{rel}","templated":true}]}}